{"id":223,"date":"2010-01-11T12:57:03","date_gmt":"2010-01-11T11:57:03","guid":{"rendered":"http:\/\/petaos.net\/?p=223"},"modified":"2010-01-11T14:43:16","modified_gmt":"2010-01-11T13:43:16","slug":"langa-nueva-actuacion-en-madrid-20109-marmara","status":"publish","type":"post","link":"https:\/\/www.manologarciaycia.com\/?p=223","title":{"rendered":"LANGA &#8211; Nueva actuaci\u00f3n en Madrid &#8211; 20\/1\/10 MARMARA"},"content":{"rendered":"<p><img loading=\"lazy\" decoding=\"async\" class=\"alignleft\" src=\"http:\/\/profile.ak.fbcdn.net\/object2\/215\/44\/n249106678570_7699.jpg\" alt=\"\" width=\"200\" height=\"142\" \/><\/p>\n<p>20 Enero 2010<\/p>\n<p>Concierto de <strong><em>LANGA<\/em><\/strong><br \/>\nSALA MARMARA &#8211; PADRE DE DAMIAN,23 Madrid &#8211; Hora: 23:30 h. Entrada libre hasta completar aforo.<\/p>\n<p>Ricardo Mar\u00edn ser\u00e1 el encargado de poner voz y guitarras a los nuevos temas, en los que dejar\u00e1 su inconfundible sello personal, avalado y gestado por a\u00f1os de trabajo junto a los grandes: Miguel R\u00edos, Raimundo Amador, Manolo Garc\u00eda, Antonio Vega, Los Secretos, Rosario Flores, Ariel Rot y un largo etc\u00e9tera. Sin embargo, no aborda este proyecto en solitario, se le suman m\u00fasicos excepcionales con una larga trayectoria profesional.<br \/>\nNacho Lesko pondr\u00e1 coros y destreza a los teclados. M\u00edtico en El \u00faltimo de la fila y Nacha Pop, con Rosario Flores, imprescindible con Manolo Garc\u00eda o Estopa, aparte de trabajar tambi\u00e9n como productor musical.<\/p>\n<p>Paco Bastante se encargar\u00e1 del bajo y los coros, ha trabajado con artistas de la talla de Joaqu\u00edn Sabina, Miguel R\u00edos, Jorge Drexler o Juan Perro.<\/p>\n<p>Vicente Climent a la bater\u00eda, form\u00f3 parte de la emblem\u00e1tica banda de pop Esclarecidos y le hemos visto junto a Andr\u00e9s Calamaro, Ismael Serrano, Miguel R\u00edos o Aute.<\/p>\n<p>Finalmente, Jorge D\u00b4Amico: Antonio Vega, Nando Gonz\u00e1lez, David Summers, La Barber\u00eda del Sur o Marta S\u00e1nchez, y ahora guitarra y coros para LANGA.<\/p>\n<p>Fuente: Nvivo &#8211; LANGA &#8211; Ricardo Mar\u00edn (<a href=\"http:\/\/www.facebook.com\/profile.php?ref=profile&amp;id=1637740181#\/pages\/LANGA\/135998553432?ref=mf\" target=\"_blank\">Enlace<\/a>)<\/p>\n","protected":false},"excerpt":{"rendered":"<p>20 Enero 2010 Concierto de LANGA SALA MARMARA &#8211; PADRE DE DAMIAN,23 Madrid &#8211; Hora: 23:30 h. Entrada libre hasta completar aforo. Ricardo Mar\u00edn ser\u00e1 el encargado de poner voz y guitarras a los nuevos temas, en los que dejar\u00e1 su inconfundible sello personal, avalado y gestado por a\u00f1os de trabajo junto a los grandes:<a class=\"moretag\" href=\"https:\/\/www.manologarciaycia.com\/?p=223\" title=\"LANGA &#8211; Nueva actuaci\u00f3n en Madrid &#8211; 20\/1\/10 MARMARA\" target=\"_self\" rel=\"follow\"> <font face=arial size=2>[Leer m\u00e1s]<\/font> <\/a><\/p>\n","protected":false},"author":2,"featured_media":0,"comment_status":"closed","ping_status":"open","sticky":false,"template":"","format":"standard","meta":{"footnotes":""},"categories":[23],"tags":[51],"class_list":["post-223","post","type-post","status-publish","format-standard","hentry","category-otros","tag-concierto-langa-ricardo-marin-nacho-lesko"],"_links":{"self":[{"href":"https:\/\/www.manologarciaycia.com\/index.php?rest_route=\/wp\/v2\/posts\/223","targetHints":{"allow":["GET"]}}],"collection":[{"href":"https:\/\/www.manologarciaycia.com\/index.php?rest_route=\/wp\/v2\/posts"}],"about":[{"href":"https:\/\/www.manologarciaycia.com\/index.php?rest_route=\/wp\/v2\/types\/post"}],"author":[{"embeddable":true,"href":"https:\/\/www.manologarciaycia.com\/index.php?rest_route=\/wp\/v2\/users\/2"}],"replies":[{"embeddable":true,"href":"https:\/\/www.manologarciaycia.com\/index.php?rest_route=%2Fwp%2Fv2%2Fcomments&post=223"}],"version-history":[{"count":5,"href":"https:\/\/www.manologarciaycia.com\/index.php?rest_route=\/wp\/v2\/posts\/223\/revisions"}],"predecessor-version":[{"id":227,"href":"https:\/\/www.manologarciaycia.com\/index.php?rest_route=\/wp\/v2\/posts\/223\/revisions\/227"}],"wp:attachment":[{"href":"https:\/\/www.manologarciaycia.com\/index.php?rest_route=%2Fwp%2Fv2%2Fmedia&parent=223"}],"wp:term":[{"taxonomy":"category","embeddable":true,"href":"https:\/\/www.manologarciaycia.com\/index.php?rest_route=%2Fwp%2Fv2%2Fcategories&post=223"},{"taxonomy":"post_tag","embeddable":true,"href":"https:\/\/www.manologarciaycia.com\/index.php?rest_route=%2Fwp%2Fv2%2Ftags&post=223"}],"curies":[{"name":"wp","href":"https:\/\/api.w.org\/{rel}","templated":true}]}}