{"id":22185,"date":"2021-12-17T10:53:31","date_gmt":"2021-12-17T09:53:31","guid":{"rendered":"https:\/\/www.manologarciaycia.com\/?p=22185"},"modified":"2021-12-17T10:53:35","modified_gmt":"2021-12-17T09:53:35","slug":"charla-con-manolo-garcia-22-12-con-javier-panera","status":"publish","type":"post","link":"https:\/\/www.manologarciaycia.com\/?p=22185","title":{"rendered":"Charla con Manolo Garc\u00eda 22\/12 con Javier Panera"},"content":{"rendered":"\n<p>Mi\u00e9rcoles 22 de diciembre, a las 19 h, en l\u2019Espai MercArt, y dentro de la exposici\u00f3n Alta Fidelitat de Javier Panera, tendr\u00e1 lugar una Charla de Manolo Garc\u00eda (ex-El \u00daltimo de la Fila) y el propio Javier Panera.<\/p>\n\n\n\n<p>Organiza: Ajuntament de Sant Just Desvern<\/p>\n\n\n\n<p>Invitaciones (dir\u00eda que agotadas): https:\/\/www.entrapolis.com\/entrades\/xerrada-amb-manolo-garcia-i-javier-panera<\/p>\n\n\n\n<p><\/p>\n","protected":false},"excerpt":{"rendered":"<p>Mi\u00e9rcoles 22 de diciembre, a las 19 h, en l\u2019Espai MercArt, y dentro de la exposici\u00f3n Alta Fidelitat de Javier Panera, tendr\u00e1 lugar una Charla de Manolo Garc\u00eda (ex-El \u00daltimo de la Fila) y el propio Javier Panera. Organiza: Ajuntament de Sant Just Desvern Invitaciones (dir\u00eda que agotadas): https:\/\/www.entrapolis.com\/entrades\/xerrada-amb-manolo-garcia-i-javier-panera<a class=\"moretag\" href=\"https:\/\/www.manologarciaycia.com\/?p=22185\" title=\"Charla con Manolo Garc\u00eda 22\/12 con Javier Panera\" target=\"_self\" rel=\"follow\"> <font face=arial size=2>[Leer m\u00e1s]<\/font> <\/a><\/p>\n","protected":false},"author":2,"featured_media":22186,"comment_status":"closed","ping_status":"closed","sticky":false,"template":"","format":"standard","meta":{"footnotes":""},"categories":[1],"tags":[],"class_list":["post-22185","post","type-post","status-publish","format-standard","has-post-thumbnail","hentry","category-manolo-garcia"],"_links":{"self":[{"href":"https:\/\/www.manologarciaycia.com\/index.php?rest_route=\/wp\/v2\/posts\/22185","targetHints":{"allow":["GET"]}}],"collection":[{"href":"https:\/\/www.manologarciaycia.com\/index.php?rest_route=\/wp\/v2\/posts"}],"about":[{"href":"https:\/\/www.manologarciaycia.com\/index.php?rest_route=\/wp\/v2\/types\/post"}],"author":[{"embeddable":true,"href":"https:\/\/www.manologarciaycia.com\/index.php?rest_route=\/wp\/v2\/users\/2"}],"replies":[{"embeddable":true,"href":"https:\/\/www.manologarciaycia.com\/index.php?rest_route=%2Fwp%2Fv2%2Fcomments&post=22185"}],"version-history":[{"count":1,"href":"https:\/\/www.manologarciaycia.com\/index.php?rest_route=\/wp\/v2\/posts\/22185\/revisions"}],"predecessor-version":[{"id":22187,"href":"https:\/\/www.manologarciaycia.com\/index.php?rest_route=\/wp\/v2\/posts\/22185\/revisions\/22187"}],"wp:featuredmedia":[{"embeddable":true,"href":"https:\/\/www.manologarciaycia.com\/index.php?rest_route=\/wp\/v2\/media\/22186"}],"wp:attachment":[{"href":"https:\/\/www.manologarciaycia.com\/index.php?rest_route=%2Fwp%2Fv2%2Fmedia&parent=22185"}],"wp:term":[{"taxonomy":"category","embeddable":true,"href":"https:\/\/www.manologarciaycia.com\/index.php?rest_route=%2Fwp%2Fv2%2Fcategories&post=22185"},{"taxonomy":"post_tag","embeddable":true,"href":"https:\/\/www.manologarciaycia.com\/index.php?rest_route=%2Fwp%2Fv2%2Ftags&post=22185"}],"curies":[{"name":"wp","href":"https:\/\/api.w.org\/{rel}","templated":true}]}}