{"id":22174,"date":"2021-12-13T12:17:48","date_gmt":"2021-12-13T11:17:48","guid":{"rendered":"https:\/\/www.manologarciaycia.com\/?p=22174"},"modified":"2021-12-13T13:13:04","modified_gmt":"2021-12-13T12:13:04","slug":"ya-a-la-venta-manolo-garcia-gira-2022","status":"publish","type":"post","link":"https:\/\/www.manologarciaycia.com\/?p=22174","title":{"rendered":"Ya a la venta: Manolo Garc\u00eda Gira 2022"},"content":{"rendered":"\n<p>YA A LA VENTA entradas de la Nueva Gira 2022 de Manolo Garc\u00eda.<\/p>\n\n\n\n<p>CANALES OFICIALES DE VENTA YA DISPONIBLES:<br>Ticketmaster: <a rel=\"noreferrer noopener\" href=\"https:\/\/www.ticketmaster.es\" target=\"_blank\">https:\/\/www.ticketmaster.es<\/a><\/p>\n\n\n\n<p> The Project (solo Barcelona): <a rel=\"noreferrer noopener\" href=\"https:\/\/www.the\" target=\"_blank\">https:\/\/www.the<\/a>project.es\/<br>Concert Music Festival (solo Cadiz\/Chiclana) <a href=\"https:\/\/concertmusicfestival.com\/\">https:\/\/concertmusicfestival.com\/<\/a> <br><\/p>\n\n\n\n<p>Y pr\u00f3ximamente en:<\/p>\n\n\n\n<p>El Corte Ingl\u00e9s en tienda f\u00edsica y Online (en las proximas horas): <a href=\"https:\/\/www.elcorteingles.es\/entradas\/\" target=\"_blank\" rel=\"noreferrer noopener\">https:\/\/www.elcorteingles.es\/entradas\/<\/a><\/p>\n\n\n\n<p>Manolo Garcia Web Manolo Garc\u00eda (en las proximas horas) : <a href=\"https:\/\/www.manolo-garcia.com\" target=\"_blank\" rel=\"noreferrer noopener\">https:\/\/www.manolo-garcia.com<\/a><br><\/p>\n\n\n\n<p>NO COMPREIS EN OTROS CANALES, QUE NO SEAN ESTOS OFICIALES!<\/p>\n\n\n\n<p>21 de Mayo: Valladolid, Polideportivo Pisuerga<br>27 de Mayo: Puertollano, Plaza Toros Puertollano<br>28 de Mayo: C\u00f3rdoba, Teatro de la Axerqu\u00eda<br>10 de Junio: Murcia, Plaza de Toros de la Condomina<br>18 de Junio: Onda, Recinto Multiusos de Onda<br>9 de Julio: M\u00e1laga, Auditorio Municipal<br>28 de Julio: Chiclana de la Frontera, Sancti Petri, Concert Music Festival<br>30 de Julio: Alicante, Plaza de Toros de Alicante<br>27 de Agosto: Albacete, Plaza de toros de Albacete<br>23 de Septiembre: Valencia, Plaza de Toros de Valencia<br>7 de Octubre: Zaragoza, Pabell\u00f3n Pr\u00edncipe Felipe<br>15 de Octubre: Sevilla, Auditorio Rocio Jurado<br>5 de Noviembre: Barcelona, Palau Sant Jordi<br>20 de Diciembre: Madrid, WiZink Center<\/p>\n\n\n\n<p>A la venta en las pr\u00f3ximas horas:<\/p>\n\n\n\n<p>12 de Noviembre: Pamplona, Navarra Arena<br>10 de Diciembre: Bilbao, Arena Miribilla<\/p>\n\n\n\n<p>Otras fechas que saldr\u00e1n pr\u00f3ximamente a la venta:<\/p>\n\n\n\n<p>23 de Julio: Gij\u00f3n<br>26 de Agosto: Cuenca, Estadio La Fuensanta<br>1 de Octubre: Granada, Plaza de Toros<\/p>\n","protected":false},"excerpt":{"rendered":"<p>YA A LA VENTA entradas de la Nueva Gira 2022 de Manolo Garc\u00eda. CANALES OFICIALES DE VENTA YA DISPONIBLES:Ticketmaster: https:\/\/www.ticketmaster.es The Project (solo Barcelona): https:\/\/www.theproject.es\/Concert Music Festival (solo Cadiz\/Chiclana) https:\/\/concertmusicfestival.com\/ Y pr\u00f3ximamente en: El Corte Ingl\u00e9s en tienda f\u00edsica y Online (en las proximas horas): https:\/\/www.elcorteingles.es\/entradas\/ Manolo Garcia Web Manolo Garc\u00eda (en las proximas horas)<a class=\"moretag\" href=\"https:\/\/www.manologarciaycia.com\/?p=22174\" title=\"Ya a la venta: Manolo Garc\u00eda Gira 2022\" target=\"_self\" rel=\"follow\"> <font face=arial size=2>[Leer m\u00e1s]<\/font> <\/a><\/p>\n","protected":false},"author":2,"featured_media":22175,"comment_status":"closed","ping_status":"closed","sticky":false,"template":"","format":"standard","meta":{"footnotes":""},"categories":[1],"tags":[],"class_list":["post-22174","post","type-post","status-publish","format-standard","has-post-thumbnail","hentry","category-manolo-garcia"],"_links":{"self":[{"href":"https:\/\/www.manologarciaycia.com\/index.php?rest_route=\/wp\/v2\/posts\/22174","targetHints":{"allow":["GET"]}}],"collection":[{"href":"https:\/\/www.manologarciaycia.com\/index.php?rest_route=\/wp\/v2\/posts"}],"about":[{"href":"https:\/\/www.manologarciaycia.com\/index.php?rest_route=\/wp\/v2\/types\/post"}],"author":[{"embeddable":true,"href":"https:\/\/www.manologarciaycia.com\/index.php?rest_route=\/wp\/v2\/users\/2"}],"replies":[{"embeddable":true,"href":"https:\/\/www.manologarciaycia.com\/index.php?rest_route=%2Fwp%2Fv2%2Fcomments&post=22174"}],"version-history":[{"count":4,"href":"https:\/\/www.manologarciaycia.com\/index.php?rest_route=\/wp\/v2\/posts\/22174\/revisions"}],"predecessor-version":[{"id":22179,"href":"https:\/\/www.manologarciaycia.com\/index.php?rest_route=\/wp\/v2\/posts\/22174\/revisions\/22179"}],"wp:featuredmedia":[{"embeddable":true,"href":"https:\/\/www.manologarciaycia.com\/index.php?rest_route=\/wp\/v2\/media\/22175"}],"wp:attachment":[{"href":"https:\/\/www.manologarciaycia.com\/index.php?rest_route=%2Fwp%2Fv2%2Fmedia&parent=22174"}],"wp:term":[{"taxonomy":"category","embeddable":true,"href":"https:\/\/www.manologarciaycia.com\/index.php?rest_route=%2Fwp%2Fv2%2Fcategories&post=22174"},{"taxonomy":"post_tag","embeddable":true,"href":"https:\/\/www.manologarciaycia.com\/index.php?rest_route=%2Fwp%2Fv2%2Ftags&post=22174"}],"curies":[{"name":"wp","href":"https:\/\/api.w.org\/{rel}","templated":true}]}}