{"id":22160,"date":"2021-12-12T11:18:52","date_gmt":"2021-12-12T10:18:52","guid":{"rendered":"https:\/\/www.manologarciaycia.com\/?p=22160"},"modified":"2021-12-12T11:37:46","modified_gmt":"2021-12-12T10:37:46","slug":"dossier-de-prensa-gira-2022-de-manolo-garcia","status":"publish","type":"post","link":"https:\/\/www.manologarciaycia.com\/?p=22160","title":{"rendered":"Dossier de Prensa: Gira 2022 de Manolo Garc\u00eda"},"content":{"rendered":"\n<p>Resumen de enlaces a la noticia en prensa sobre el Nuevo Disco y Gira 2022 de Manolo Garc\u00eda:<\/p>\n\n\n\n<p>Manolo Garc\u00eda vuelve a los escenarios con un nuevo disco y gira en 2022 (Agencia EFE)<br>h<a href=\"\/\/www.efe.com\/efe\/espana\/cultura\/manolo-garcia-vuelve-a-los-escenarios-con-un-nuevo-disco-y-gira-en-2022\/10005-4695146\" target=\"_blank\" rel=\"noreferrer noopener\">ttps:\/\/www.efe.com\/efe\/espana\/cultura\/manolo-garcia-vuelve-a-los-escenarios-con-un-nuevo-disco-y-gira-en-2022\/10005-4695146<\/a><\/p>\n\n\n\n<p>Manolo Garc\u00eda anuncia nuevo disco y gira en primavera del 2022 (Europa Press)<br><a href=\"https:\/\/www.europapress.es\/cultura\/musica-00129\/noticia-manolo-garcia-anuncia-nuevo-disco-gira-primavera-2022-20211210185106.html\" target=\"_blank\" rel=\"noreferrer noopener\">https:\/\/www.europapress.es\/cultura\/musica-00129\/noticia-manolo-garcia-anuncia-nuevo-disco-gira-primavera-2022-20211210185106.html<\/a><\/p>\n\n\n\n<p>Manolo Garc\u00eda vuelve a los escenarios tras la pandemia con una gira en la que recalar\u00e1 en C\u00e1diz (La Voz de Cadiz)<br><a href=\"https:\/\/www.lavozdigital.es\/cadiz\/chiclana\/lvdi-manolo-garcia-vuelve-escenarios-tras-pandemia-gira-recalara-cadiz-202112101344_noticia.html\" target=\"_blank\" rel=\"noreferrer noopener\">https:\/\/www.lavozdigital.es\/cadiz\/chiclana\/lvdi-manolo-garcia-vuelve-escenarios-tras-pandemia-gira-recalara-cadiz-202112101344_noticia.html<\/a><\/p>\n\n\n\n<p>Manolo Garc\u00eda vuelve a Val\u00e8ncia (Levante-EMV)<br><a href=\"https:\/\/www.levante-emv.com\/cultura\/2021\/12\/10\/manolo-garcia-vuelve-valencia-60510596.html\" target=\"_blank\" rel=\"noreferrer noopener\">https:\/\/www.levante-emv.com\/cultura\/2021\/12\/10\/manolo-garcia-vuelve-valencia-60510596.html<\/a><\/p>\n\n\n\n<p>Miguel Poveda y Manolo Garc\u00eda actuar\u00e1n en C\u00f3rdoba en mayo de 2022 (ABC C\u00f3rdoba)<br><a href=\"https:\/\/sevilla.abc.es\/andalucia\/cordoba\/sevi-miguel-poveda-y-manolo-garcia-actuaran-cordoba-mayo-2022-202112101450_noticia.html\" target=\"_blank\" rel=\"noreferrer noopener\">https:\/\/sevilla.abc.es\/andalucia\/cordoba\/sevi-miguel-poveda-y-manolo-garcia-actuaran-cordoba-mayo-2022-202112101450_noticia.html<\/a><\/p>\n\n\n\n<p>Manolo Garc\u00eda actuar\u00e1 en M\u00e1laga en su vuelta a los escenarios (Diario Sur)<br><a href=\"https:\/\/www.diariosur.es\/culturas\/musica\/manolo-garcia-concierto-malaga-nueva-gira-20211210234851-nt.html\" target=\"_blank\" rel=\"noreferrer noopener\">https:\/\/www.diariosur.es\/culturas\/musica\/manolo-garcia-concierto-malaga-nueva-gira-20211210234851-nt.html<\/a><\/p>\n\n\n\n<p>Manolo Garc\u00eda, otro gran concierto confirmado en C\u00f3rdoba para 2022 (Cordopolis)<br><a href=\"https:\/\/cordopolis.eldiario.es\/cultura\/musica\/manolo-garcia-gran-concierto-confirmado-cordoba-2022_1_8569236.html\" target=\"_blank\" rel=\"noreferrer noopener\">https:\/\/cordopolis.eldiario.es\/cultura\/musica\/manolo-garcia-gran-concierto-confirmado-cordoba-2022_1_8569236.html<\/a><\/p>\n\n\n\n<p>Manolo Garc\u00eda abre su nueva gira en Valladolid (El Norte de Castilla)<br><a href=\"https:\/\/www.elnortedecastilla.es\/culturas\/musica\/manolo-garcia-abre-20211210143729-nt.html\" target=\"_blank\" rel=\"noreferrer noopener\">https:\/\/www.elnortedecastilla.es\/culturas\/musica\/manolo-garcia-abre-20211210143729-nt.html<\/a><\/p>\n\n\n\n<p>Manolo Garc\u00eda actuar\u00e1 en Onda (El Peri\u00f3dico Mediterraneo)<br><a href=\"https:\/\/www.elperiodicomediterraneo.com\/cultura\/2021\/12\/10\/manolo-garcia-actuara-onda-60512397.html\" target=\"_blank\" rel=\"noreferrer noopener\">https:\/\/www.elperiodicomediterraneo.com\/cultura\/2021\/12\/10\/manolo-garcia-actuara-onda-60512397.html<\/a><\/p>\n\n\n\n<p>Manolo Garc\u00eda se suma al cartel del Concert Music Festival 2022: todos los confirmados hasta la fecha (Cadena 100)<br><a href=\"https:\/\/www.cadena100.es\/musica\/noticias\/manolo-garcia-suma-cartel-del-concert-music-festival-2022-todos-los-confirmados-hasta-fecha-20211210_1669100\" target=\"_blank\" rel=\"noreferrer noopener\">https:\/\/www.cadena100.es\/musica\/noticias\/manolo-garcia-suma-cartel-del-concert-music-festival-2022-todos-los-confirmados-hasta-fecha-20211210_1669100<\/a><\/p>\n\n\n\n<p>Manolo Garc\u00eda vuelve a los escenarios con un nuevo disco y gira en 2022 (ElDiario.es)<br><a href=\"https:\/\/www.eldiario.es\/cultura\/manolo-garcia-vuelve-escenarios-nuevo-disco-gira-2022_1_8567596.html\" target=\"_blank\" rel=\"noreferrer noopener\">https:\/\/www.eldiario.es\/cultura\/manolo-garcia-vuelve-escenarios-nuevo-disco-gira-2022_1_8567596.html<\/a><\/p>\n\n\n\n<p>Manolo Garc\u00eda anuncia gira y nuevo disco (EFEEME)<br><a rel=\"noreferrer noopener\" href=\"https:\/\/www.efeeme.com\/manolo-garcia-anuncia-gira-y-nuevo-disco\/\" target=\"_blank\">https:\/\/www.efeeme.com\/manolo-garcia-anuncia-gira-y-nuevo-disco\/<\/a><\/p>\n\n\n\n<p>Manolo Garc\u00eda actuar\u00e1 en Puertollano el 27 de mayo de 2022 (La Comarca de PuertoLlano)<br><a href=\"https:\/\/www.lacomarcadepuertollano.com\/diario\/noticia\/2021_12_10\/44\" target=\"_blank\" rel=\"noreferrer noopener\">https:\/\/www.lacomarcadepuertollano.com\/diario\/noticia\/2021_12_10\/44<\/a><\/p>\n\n\n\n<p>MANOLO GARC\u00cdA INCLUYE A PUERTOLLANO EN LA GIRA DE CONCIERTOS DEL 2022 (Ayuntamiento de PuertoLlano)<br><a href=\"https:\/\/www.puertollano.es\/manolo-garcia-incluye-a-puertollano-en-la-gira-de-conciertos-del-2022\/\" target=\"_blank\" rel=\"noreferrer noopener\">https:\/\/www.puertollano.es\/manolo-garcia-incluye-a-puertollano-en-la-gira-de-conciertos-del-2022\/<\/a><\/p>\n\n\n\n<p>Manolo Garc\u00eda: nuevo disco y primeros conciertos de presentaci\u00f3n en 2022 (Mercadeo Pop)<br><a href=\"https:\/\/www.mercadeopop.com\/manolo-garcia-nuevo-disco-y-primeros-conciertos-de-presentacion-en-2022\/\" target=\"_blank\" rel=\"noreferrer noopener\">https:\/\/www.mercadeopop.com\/manolo-garcia-nuevo-disco-y-primeros-conciertos-de-presentacion-en-2022\/<\/a><\/p>\n\n\n\n<p>Manolo Garc\u00eda anuncia nuevo disco y gira en primavera del 2022 (El Dia Digital)<br><a href=\"https:\/\/eldiadigital.es\/art\/383256\/manolo-garcia-anuncia-nuevo-disco-y-gira-en-primavera-del-2022\" target=\"_blank\" rel=\"noreferrer noopener\">https:\/\/eldiadigital.es\/art\/383256\/manolo-garcia-anuncia-nuevo-disco-y-gira-en-primavera-del-2022<\/a><\/p>\n\n\n\n<p>La gira de Manolo Garc\u00eda pasar\u00e1 por Murcia (La opini\u00f3n de Murcia)<br><a href=\"https:\/\/www.laopiniondemurcia.es\/cultura\/2021\/12\/10\/gira-manolo-garcia-pasara-murcia-60522030.html\" target=\"_blank\" rel=\"noreferrer noopener\">https:\/\/www.laopiniondemurcia.es\/cultura\/2021\/12\/10\/gira-manolo-garcia-pasara-murcia-60522030.html<\/a><\/p>\n\n\n\n<p>Manolo Garc\u00eda actuar\u00e1 en el Concert Music Festival 2022 (Diario de Cadiz)<br><a href=\"https:\/\/www.diariodecadiz.es\/ocio\/Manolo-Garcia-Concert-Music-Festival-2022_0_1636937331.html\" target=\"_blank\" rel=\"noreferrer noopener\">https:\/\/www.diariodecadiz.es\/ocio\/Manolo-Garcia-Concert-Music-Festival-2022_0_1636937331.html<\/a><\/p>\n\n\n\n<p>Manolo Garc\u00eda anuncia nuevo disco y gira en primavera del 2022, que pasar\u00e1 por Puertollano y Albacete (La Cerca)<br><a href=\"https:\/\/www.lacerca.com\/noticias\/castilla_la_mancha\/manolo-garcia-nuevo-disco-gira-primavera-puertollano-albacete-587143-1.html\" target=\"_blank\" rel=\"noreferrer noopener\">https:\/\/www.lacerca.com\/noticias\/castilla_la_mancha\/manolo-garcia-nuevo-disco-gira-primavera-puertollano-albacete-587143-1.html<\/a><\/p>\n\n\n\n<p>Manolo Garc\u00eda vuelve a los escenario con un nuevo disco y gira en 2022 (Cope)<br><a href=\"https:\/\/www.cope.es\/actualidad\/cultura\/noticias\/manolo-garcia-vuelve-los-escenario-con-nuevo-disco-gira-2022-20211210_1669043\" target=\"_blank\" rel=\"noreferrer noopener\">https:\/\/www.cope.es\/actualidad\/cultura\/noticias\/manolo-garcia-vuelve-los-escenario-con-nuevo-disco-gira-2022-20211210_1669043<\/a><\/p>\n\n\n\n<p>Manolo Garc\u00eda presentar\u00e1 su nuevo disco el 28 de mayo en la Axerqu\u00eda (Diario C\u00f3rdoba)<br><a href=\"https:\/\/www.diariocordoba.com\/cultura\/2021\/12\/10\/manolo-garcia-presentara-nuevo-disco-60517523.html\" target=\"_blank\" rel=\"noreferrer noopener\">https:\/\/www.diariocordoba.com\/cultura\/2021\/12\/10\/manolo-garcia-presentara-nuevo-disco-60517523.html<\/a><\/p>\n\n\n\n<p>Manolo Garc\u00eda, conciertos en Madrid, Barcelona y m\u00e1s ciudades en 2022 con nuevo disco (La Ganzua)<br><a href=\"https:\/\/www.laganzua.net\/noticias\/23125-manolo-garcia-conciertos-en-madrid-barcelona-y-mas-ciudades-en-2022-con-nuevo-disco\" target=\"_blank\" rel=\"noreferrer noopener\">https:\/\/www.laganzua.net\/noticias\/23125-manolo-garcia-conciertos-en-madrid-barcelona-y-mas-ciudades-en-2022-con-nuevo-disco<\/a><\/p>\n\n\n\n<p>Manolo Garc\u00eda vuelve a los escenarios y recalar\u00e1 en Zaragoza el 7 de octubre (El Peri\u00f3dico de Arag\u00f3n)<br><a href=\"https:\/\/www.elperiodicodearagon.com\/cultura\/2021\/12\/10\/manolo-garcia-vuelve-escenarios-recalara-60522643.html\" target=\"_blank\" rel=\"noreferrer noopener\">https:\/\/www.elperiodicodearagon.com\/cultura\/2021\/12\/10\/manolo-garcia-vuelve-escenarios-recalara-60522643.html<\/a><\/p>\n\n\n\n<p>Manolo Garc\u00eda actuar\u00e1 el 26 de agosto en La Fuensanta (Las Noticias de Cuenca)<br><a href=\"https:\/\/www.lasnoticiasdecuenca.es\/cuenca\/manolo-garcia-actuara-agosto-fuensanta-58799\" target=\"_blank\" rel=\"noreferrer noopener\">https:\/\/www.lasnoticiasdecuenca.es\/cuenca\/manolo-garcia-actuara-agosto-fuensanta-58799<\/a><\/p>\n\n\n\n<p>Manolo Garc\u00eda actuar\u00e1 el 27 de mayo en Puertollano (Mi Ciudad Real)<br><a href=\"https:\/\/www.miciudadreal.es\/2021\/12\/10\/manolo-garcia-actuara-el-27-de-mayo-en-puertollano\/\" target=\"_blank\" rel=\"noreferrer noopener\">https:\/\/www.miciudadreal.es\/2021\/12\/10\/manolo-garcia-actuara-el-27-de-mayo-en-puertollano\/<\/a><\/p>\n\n\n\n<p>Manolo Garc\u00eda regresa a la Plaza de Toros de Granada el 1 de octubre (Granada Hoy)<br><a href=\"https:\/\/www.granadahoy.com\/ocio\/Manolo-Garcia-Plaza-Toros-Granada_0_1636937410.html\" target=\"_blank\" rel=\"noreferrer noopener\">https:\/\/www.granadahoy.com\/ocio\/Manolo-Garcia-Plaza-Toros-Granada_0_1636937410.html<\/a><\/p>\n\n\n\n<p>Manolo Garc\u00eda anuncia nuevo disco y gira en primavera del 2022 (MSN Europa Press)<br><a href=\"https:\/\/www.msn.com\/es-es\/entretenimiento\/musica\/manolo-garc%C3%ADa-anuncia-nuevo-disco-y-gira-en-primavera-del-2022\/ar-AARGr8g?ocid=BingNewsSearch\" target=\"_blank\" rel=\"noreferrer noopener\">https:\/\/www.msn.com\/es-es\/entretenimiento\/musica\/manolo-garc%C3%ADa-anuncia-nuevo-disco-y-gira-en-primavera-del-2022\/ar-AARGr8g?ocid=BingNewsSearch<\/a><\/p>\n\n\n\n<p>Manolo Garc\u00eda: un nuevo disco y concierto en Zaragoza en 2022 (Heraldo Arag\u00f3n)<br><a href=\"https:\/\/www.heraldo.es\/noticias\/ocio-y-cultura\/2021\/12\/10\/manolo-garcia-concierto-zaragoza-2022-entradas-1539528.html\" target=\"_blank\" rel=\"noreferrer noopener\">https:\/\/www.heraldo.es\/noticias\/ocio-y-cultura\/2021\/12\/10\/manolo-garcia-concierto-zaragoza-2022-entradas-1539528.html<\/a><\/p>\n\n\n\n<p>Manolo Garc\u00eda incluye parada en Pamplona el pr\u00f3ximo mes de noviembre en su gira 2022 (Diario de Navarra)<br><a href=\"https:\/\/www.diariodenavarra.es\/noticias\/cultura-ocio\/cultura\/2021\/12\/10\/manolo-garcia-incluye-parada-pamplona-el-proximo-mes-noviembre-gira-2022-510338-1034.html\" target=\"_blank\" rel=\"noreferrer noopener\">https:\/\/www.diariodenavarra.es\/noticias\/cultura-ocio\/cultura\/2021\/12\/10\/manolo-garcia-incluye-parada-pamplona-el-proximo-mes-noviembre-gira-2022-510338-1034.html<\/a><\/p>\n\n\n\n<p>Manolo Garc\u00eda llega con su gira de 2022 a la Plaza de Toros de Puertollano (Lanza Digital)<br><a href=\"https:\/\/www.lanzadigital.com\/cultura\/manolo-garcia-llega-con-su-gira-de-2022-a-la-plaza-de-toros-de-puertollano\/\" target=\"_blank\" rel=\"noreferrer noopener\">https:\/\/www.lanzadigital.com\/cultura\/manolo-garcia-llega-con-su-gira-de-2022-a-la-plaza-de-toros-de-puertollano\/<\/a><\/p>\n\n\n\n<p>MANOLO GARC\u00cdA INCLUYE A PUERTOLLANO EN LA GIRA DE CONCIERTOS DEL 2022 (La voz de Puertollano)<br><a href=\"https:\/\/www.lavozdepuertollano.es\/web\/contenido\/comarca\/manolo-garcia-incluye-a-puertollano-en-la-gira-de-conciertos-del-202229722.html\" target=\"_blank\" rel=\"noreferrer noopener\">https:\/\/www.lavozdepuertollano.es\/web\/contenido\/comarca\/manolo-garcia-incluye-a-puertollano-en-la-gira-de-conciertos-del-202229722.html<\/a><\/p>\n\n\n\n<p>Manolo Garc\u00eda anuncia disco para 2022 y concierto en M\u00e1laga el 9 de julio (La Opinion de Malaga)<br><a href=\"https:\/\/www.laopiniondemalaga.es\/cultura-espectaculos\/2021\/12\/10\/manolo-garcia-anuncia-disco-2022-60534723.html\" target=\"_blank\" rel=\"noreferrer noopener\">https:\/\/www.laopiniondemalaga.es\/cultura-espectaculos\/2021\/12\/10\/manolo-garcia-anuncia-disco-2022-60534723.html<\/a><\/p>\n\n\n\n<p>Salen a la venta las entradas para una multitudinaria nueva gira de Manolo Garc\u00eda por toda Espa\u00f1a (Huelva24 El Notiziero)<br><a href=\"https:\/\/huelva24.com\/art\/156295\/salen-a-la-venta-las-entradas-para-una-multitudinaria-nueva-gira-de-manolo-garcia-por-toda-espana\" target=\"_blank\" rel=\"noreferrer noopener\">https:\/\/huelva24.com\/art\/156295\/salen-a-la-venta-las-entradas-para-una-multitudinaria-nueva-gira-de-manolo-garcia-por-toda-espana<\/a><\/p>\n\n\n\n<p>Manolo Garc\u00eda anuncia una nueva gira de mayo a diciembre de 2022 (Noticias Clave)<br><a href=\"http:\/\/noticiasclave.net\/es\/noticia\/manolo-garcia-anuncia-una-nueva-gira-de-mayo-a-diciembre-de-2022.html\" target=\"_blank\" rel=\"noreferrer noopener\">http:\/\/noticiasclave.net\/es\/noticia\/manolo-garcia-anuncia-una-nueva-gira-de-mayo-a-diciembre-de-2022.html<\/a><\/p>\n","protected":false},"excerpt":{"rendered":"<p>Resumen de enlaces a la noticia en prensa sobre el Nuevo Disco y Gira 2022 de Manolo Garc\u00eda: Manolo Garc\u00eda vuelve a los escenarios con un nuevo disco y gira en 2022 (Agencia EFE)https:\/\/www.efe.com\/efe\/espana\/cultura\/manolo-garcia-vuelve-a-los-escenarios-con-un-nuevo-disco-y-gira-en-2022\/10005-4695146 Manolo Garc\u00eda anuncia nuevo disco y gira en primavera del 2022 (Europa Press)https:\/\/www.europapress.es\/cultura\/musica-00129\/noticia-manolo-garcia-anuncia-nuevo-disco-gira-primavera-2022-20211210185106.html Manolo Garc\u00eda vuelve a los escenarios tras la<a class=\"moretag\" href=\"https:\/\/www.manologarciaycia.com\/?p=22160\" title=\"Dossier de Prensa: Gira 2022 de Manolo Garc\u00eda\" target=\"_self\" rel=\"follow\"> <font face=arial size=2>[Leer m\u00e1s]<\/font> <\/a><\/p>\n","protected":false},"author":2,"featured_media":22161,"comment_status":"closed","ping_status":"closed","sticky":false,"template":"","format":"standard","meta":{"footnotes":""},"categories":[1],"tags":[],"class_list":["post-22160","post","type-post","status-publish","format-standard","has-post-thumbnail","hentry","category-manolo-garcia"],"_links":{"self":[{"href":"https:\/\/www.manologarciaycia.com\/index.php?rest_route=\/wp\/v2\/posts\/22160","targetHints":{"allow":["GET"]}}],"collection":[{"href":"https:\/\/www.manologarciaycia.com\/index.php?rest_route=\/wp\/v2\/posts"}],"about":[{"href":"https:\/\/www.manologarciaycia.com\/index.php?rest_route=\/wp\/v2\/types\/post"}],"author":[{"embeddable":true,"href":"https:\/\/www.manologarciaycia.com\/index.php?rest_route=\/wp\/v2\/users\/2"}],"replies":[{"embeddable":true,"href":"https:\/\/www.manologarciaycia.com\/index.php?rest_route=%2Fwp%2Fv2%2Fcomments&post=22160"}],"version-history":[{"count":3,"href":"https:\/\/www.manologarciaycia.com\/index.php?rest_route=\/wp\/v2\/posts\/22160\/revisions"}],"predecessor-version":[{"id":22165,"href":"https:\/\/www.manologarciaycia.com\/index.php?rest_route=\/wp\/v2\/posts\/22160\/revisions\/22165"}],"wp:featuredmedia":[{"embeddable":true,"href":"https:\/\/www.manologarciaycia.com\/index.php?rest_route=\/wp\/v2\/media\/22161"}],"wp:attachment":[{"href":"https:\/\/www.manologarciaycia.com\/index.php?rest_route=%2Fwp%2Fv2%2Fmedia&parent=22160"}],"wp:term":[{"taxonomy":"category","embeddable":true,"href":"https:\/\/www.manologarciaycia.com\/index.php?rest_route=%2Fwp%2Fv2%2Fcategories&post=22160"},{"taxonomy":"post_tag","embeddable":true,"href":"https:\/\/www.manologarciaycia.com\/index.php?rest_route=%2Fwp%2Fv2%2Ftags&post=22160"}],"curies":[{"name":"wp","href":"https:\/\/api.w.org\/{rel}","templated":true}]}}