{"id":22156,"date":"2021-12-10T19:45:14","date_gmt":"2021-12-10T18:45:14","guid":{"rendered":"https:\/\/www.manologarciaycia.com\/?p=22156"},"modified":"2021-12-10T19:49:23","modified_gmt":"2021-12-10T18:49:23","slug":"manolo-garcia-gira-2022","status":"publish","type":"post","link":"https:\/\/www.manologarciaycia.com\/?p=22156","title":{"rendered":"Manolo Garc\u00eda, gira 2022"},"content":{"rendered":"\n<p>Tal y como hemos anunciado esta ma\u00f1ana, Manolo Garc\u00eda tiene previsto publicar nuevo disco de estudio esta pr\u00f3xima privamera (2022) y a partir de Mayo de 2022, el m\u00fasico saldr\u00e1 a la carretera para presentarlo en grandes recintos en una gira extensa hasta diciembre de 2022.<\/p>\n\n\n\n<p>Las entradas se pondr\u00e1n a la venta en El Corte Ingl\u00e9s, Ticketmaster.com y en www.manolo-garcia.com<\/p>\n\n\n\n<p>El lunes 13 de Diciembre de 2021 est\u00e1 previsto que salgan a la venta las entradas de estas ciudades:<\/p>\n\n\n\n<p>21 de Mayo: Valladolid, Polideportivo Pisuerga<br>27 de Mayo: Puertollano, Plaza Toros Puertollano<br>28 de Mayo: C\u00f3rdoba, Teatro de la Axerqu\u00eda<br>10 de Junio: Murcia, Plaza de Toros de la Condomina<br>18 de Junio: Onda, Recinto Multiusos de Onda<br>28 de Julio: Chiclana de la Frontera, Sancti Petri, Concert Music Festival<br>30 de Julio: Alicante, Plaza de Toros de Alicante<br>26 de Agosto: Cuenca, Estadio La Fuensanta<br>27 de Agosto: Albacete, Plaza de toros de Albacete<br>23 de Septiembre: Valencia, Plaza de Toros de Valencia<br>7 de Octubre: Zaragoza, Pabell\u00f3n Pr\u00edncipe Felipe<br>15 de Octubre: Sevilla, Auditorio Rocio Jurado<br>5 de Noviembre: Barcelona, Palau Sant Jordi<br>20 de Diciembre: Madrid, WiZink Center<\/p>\n\n\n\n<p>Otras fechas que saldr\u00e1n pr\u00f3ximamente a la venta:<\/p>\n\n\n\n<p>9 de Julio: M\u00e1laga, Auditorio Municipal<br>23 de Julio: Gij\u00f3n<br>1 de Octubre: Granada, Plaza de Toros<br>12 de Noviembre: Pamplona, Navarra Arena<br>10 de Diciembre: Bilbao, Arena Miribilla<\/p>\n\n\n\n<figure class=\"wp-block-image size-large\"><img loading=\"lazy\" decoding=\"async\" width=\"1024\" height=\"1024\" src=\"https:\/\/www.manologarciaycia.com\/wp-content\/uploads\/2021\/12\/INSTA-FEED-1080x1080-copia-1024x1024.jpg\" alt=\"\" class=\"wp-image-22146\" srcset=\"https:\/\/www.manologarciaycia.com\/wp-content\/uploads\/2021\/12\/INSTA-FEED-1080x1080-copia-1024x1024.jpg 1024w, https:\/\/www.manologarciaycia.com\/wp-content\/uploads\/2021\/12\/INSTA-FEED-1080x1080-copia-500x500.jpg 500w, https:\/\/www.manologarciaycia.com\/wp-content\/uploads\/2021\/12\/INSTA-FEED-1080x1080-copia-150x150.jpg 150w, https:\/\/www.manologarciaycia.com\/wp-content\/uploads\/2021\/12\/INSTA-FEED-1080x1080-copia-768x768.jpg 768w, https:\/\/www.manologarciaycia.com\/wp-content\/uploads\/2021\/12\/INSTA-FEED-1080x1080-copia-695x695.jpg 695w, https:\/\/www.manologarciaycia.com\/wp-content\/uploads\/2021\/12\/INSTA-FEED-1080x1080-copia-930x930.jpg 930w, https:\/\/www.manologarciaycia.com\/wp-content\/uploads\/2021\/12\/INSTA-FEED-1080x1080-copia.jpg 1080w\" sizes=\"auto, (max-width: 1024px) 100vw, 1024px\" \/><\/figure>\n","protected":false},"excerpt":{"rendered":"<p>Tal y como hemos anunciado esta ma\u00f1ana, Manolo Garc\u00eda tiene previsto publicar nuevo disco de estudio esta pr\u00f3xima privamera (2022) y a partir de Mayo de 2022, el m\u00fasico saldr\u00e1 a la carretera para presentarlo en grandes recintos en una gira extensa hasta diciembre de 2022. Las entradas se pondr\u00e1n a la venta en El<a class=\"moretag\" href=\"https:\/\/www.manologarciaycia.com\/?p=22156\" title=\"Manolo Garc\u00eda, gira 2022\" target=\"_self\" rel=\"follow\"> <font face=arial size=2>[Leer m\u00e1s]<\/font> <\/a><\/p>\n","protected":false},"author":2,"featured_media":22157,"comment_status":"closed","ping_status":"closed","sticky":false,"template":"","format":"standard","meta":{"footnotes":""},"categories":[1],"tags":[],"class_list":["post-22156","post","type-post","status-publish","format-standard","has-post-thumbnail","hentry","category-manolo-garcia"],"_links":{"self":[{"href":"https:\/\/www.manologarciaycia.com\/index.php?rest_route=\/wp\/v2\/posts\/22156","targetHints":{"allow":["GET"]}}],"collection":[{"href":"https:\/\/www.manologarciaycia.com\/index.php?rest_route=\/wp\/v2\/posts"}],"about":[{"href":"https:\/\/www.manologarciaycia.com\/index.php?rest_route=\/wp\/v2\/types\/post"}],"author":[{"embeddable":true,"href":"https:\/\/www.manologarciaycia.com\/index.php?rest_route=\/wp\/v2\/users\/2"}],"replies":[{"embeddable":true,"href":"https:\/\/www.manologarciaycia.com\/index.php?rest_route=%2Fwp%2Fv2%2Fcomments&post=22156"}],"version-history":[{"count":2,"href":"https:\/\/www.manologarciaycia.com\/index.php?rest_route=\/wp\/v2\/posts\/22156\/revisions"}],"predecessor-version":[{"id":22159,"href":"https:\/\/www.manologarciaycia.com\/index.php?rest_route=\/wp\/v2\/posts\/22156\/revisions\/22159"}],"wp:featuredmedia":[{"embeddable":true,"href":"https:\/\/www.manologarciaycia.com\/index.php?rest_route=\/wp\/v2\/media\/22157"}],"wp:attachment":[{"href":"https:\/\/www.manologarciaycia.com\/index.php?rest_route=%2Fwp%2Fv2%2Fmedia&parent=22156"}],"wp:term":[{"taxonomy":"category","embeddable":true,"href":"https:\/\/www.manologarciaycia.com\/index.php?rest_route=%2Fwp%2Fv2%2Fcategories&post=22156"},{"taxonomy":"post_tag","embeddable":true,"href":"https:\/\/www.manologarciaycia.com\/index.php?rest_route=%2Fwp%2Fv2%2Ftags&post=22156"}],"curies":[{"name":"wp","href":"https:\/\/api.w.org\/{rel}","templated":true}]}}