{"id":22148,"date":"2021-12-10T12:10:38","date_gmt":"2021-12-10T11:10:38","guid":{"rendered":"https:\/\/www.manologarciaycia.com\/?p=22148"},"modified":"2021-12-10T12:32:13","modified_gmt":"2021-12-10T11:32:13","slug":"gira-2022-de-manolo-garcia","status":"publish","type":"post","link":"https:\/\/www.manologarciaycia.com\/?p=22148","title":{"rendered":"Gira 2022 de Manolo Garc\u00eda!"},"content":{"rendered":"\n<p>ATENCI\u00d3N! BOMBAZO! MANOLO GARC\u00cdA SALE DE GIRA EN 2022!!! PRIMERAS FECHAS CONFIRMADAS!!! NUEVO DISCO DE ESTUDIO PARA PRIMAVERA 2022!!<br><\/p>\n\n\n\n<p>Manolo Garc\u00eda volver\u00e1 a los escenarios la pr\u00f3xima primavera con un nuevo disco de estudio.<br><\/p>\n\n\n\n<p>Despu\u00e9s de su exitosa gira \u00abGeometr\u00eda del Rayo\u00bb de los a\u00f1os 2018 y 2019 y el obligado par\u00f3n de la pandemia, Manolo Garc\u00eda vuelve de nuevo a los escenarios. Lo har\u00e1 con un nuevo disco de estudio cuyo lanzamiento est\u00e1 previsto para la pr\u00f3xima primavera.<br><\/p>\n\n\n\n<p>Este nuevo disco, todav\u00eda sin t\u00edtulo, ser\u00e1 el octavo de Garc\u00eda en solitario tras la disoluci\u00f3n de su anterior formaci\u00f3n. El \u00daltimo de la Fila y del ya mencionado \u00faltimo disco \u00abGeometr\u00eda del Rayo, que mantuvo a Manolo Garc\u00eda en el N\u00famero 1 de ventas durante seis semanas consecutivas y con el que recibi\u00f3 el premio Grammy Latino al Mejor \u00c1lbum Pop Rock del a\u00f1o, el prestigioso Premio Ondas de la M\u00fasica 2018. adem\u00e1s de colgar el cartel de \u00abentradas agotadas\u00bb en su gira por toda Espa\u00f1a.<br><\/p>\n\n\n\n<p>Entradas para la Gira 2022 a la venta a partir del 13 de Diciembre en El Corte Ingl\u00e9s , Ticketmaster y www.Manolo-Garcia.com<br><\/p>\n","protected":false},"excerpt":{"rendered":"<p>ATENCI\u00d3N! BOMBAZO! MANOLO GARC\u00cdA SALE DE GIRA EN 2022!!! PRIMERAS FECHAS CONFIRMADAS!!! NUEVO DISCO DE ESTUDIO PARA PRIMAVERA 2022!! Manolo Garc\u00eda volver\u00e1 a los escenarios la pr\u00f3xima primavera con un nuevo disco de estudio. Despu\u00e9s de su exitosa gira \u00abGeometr\u00eda del Rayo\u00bb de los a\u00f1os 2018 y 2019 y el obligado par\u00f3n de la pandemia,<a class=\"moretag\" href=\"https:\/\/www.manologarciaycia.com\/?p=22148\" title=\"Gira 2022 de Manolo Garc\u00eda!\" target=\"_self\" rel=\"follow\"> <font face=arial size=2>[Leer m\u00e1s]<\/font> <\/a><\/p>\n","protected":false},"author":2,"featured_media":0,"comment_status":"closed","ping_status":"closed","sticky":false,"template":"","format":"video","meta":{"footnotes":""},"categories":[1],"tags":[],"class_list":["post-22148","post","type-post","status-publish","format-video","hentry","category-manolo-garcia","post_format-post-format-video"],"_links":{"self":[{"href":"https:\/\/www.manologarciaycia.com\/index.php?rest_route=\/wp\/v2\/posts\/22148","targetHints":{"allow":["GET"]}}],"collection":[{"href":"https:\/\/www.manologarciaycia.com\/index.php?rest_route=\/wp\/v2\/posts"}],"about":[{"href":"https:\/\/www.manologarciaycia.com\/index.php?rest_route=\/wp\/v2\/types\/post"}],"author":[{"embeddable":true,"href":"https:\/\/www.manologarciaycia.com\/index.php?rest_route=\/wp\/v2\/users\/2"}],"replies":[{"embeddable":true,"href":"https:\/\/www.manologarciaycia.com\/index.php?rest_route=%2Fwp%2Fv2%2Fcomments&post=22148"}],"version-history":[{"count":2,"href":"https:\/\/www.manologarciaycia.com\/index.php?rest_route=\/wp\/v2\/posts\/22148\/revisions"}],"predecessor-version":[{"id":22152,"href":"https:\/\/www.manologarciaycia.com\/index.php?rest_route=\/wp\/v2\/posts\/22148\/revisions\/22152"}],"wp:attachment":[{"href":"https:\/\/www.manologarciaycia.com\/index.php?rest_route=%2Fwp%2Fv2%2Fmedia&parent=22148"}],"wp:term":[{"taxonomy":"category","embeddable":true,"href":"https:\/\/www.manologarciaycia.com\/index.php?rest_route=%2Fwp%2Fv2%2Fcategories&post=22148"},{"taxonomy":"post_tag","embeddable":true,"href":"https:\/\/www.manologarciaycia.com\/index.php?rest_route=%2Fwp%2Fv2%2Ftags&post=22148"}],"curies":[{"name":"wp","href":"https:\/\/api.w.org\/{rel}","templated":true}]}}