{"id":22145,"date":"2021-12-10T12:09:33","date_gmt":"2021-12-10T11:09:33","guid":{"rendered":"https:\/\/www.manologarciaycia.com\/?p=22145"},"modified":"2021-12-10T12:31:10","modified_gmt":"2021-12-10T11:31:10","slug":"manolo-garcia-sale-de-gira-en-2022","status":"publish","type":"post","link":"https:\/\/www.manologarciaycia.com\/?p=22145","title":{"rendered":"MANOLO GARC\u00cdA SALE DE GIRA EN 2022!!! NUEVO DISCO DE ESTUDIO EN PRIMAVERA!"},"content":{"rendered":"\n<p>ATENCI\u00d3N! BOMBAZO! MANOLO GARC\u00cdA SALE DE GIRA EN 2022!!! PRIMERAS FECHAS CONFIRMADAS!!!<br>A la venta a partir del 13 de Diciembre en El Corte Ingl\u00e9s , Ticketmaster y www.Manolo-Garcia.com<br><br>Manolo Garc\u00eda volver\u00e1 a los escenarios la pr\u00f3xima primavera con un nuevo disco de estudio.<br><\/p>\n\n\n\n<p>Despu\u00e9s de su exitosa gira \u00abGeometr\u00eda del Rayo\u00bb de los a\u00f1os 2018 y 2019 y el obligado par\u00f3n de la pandemia, Manolo Garc\u00eda vuelve de nuevo a los escenarios. Lo har\u00e1 con un nuevo disco de estudio cuyo lanzamiento est\u00e1 previsto para la pr\u00f3xima primavera.<br><\/p>\n\n\n\n<p>Este nuevo disco, todav\u00eda sin t\u00edtulo, ser\u00e1 el octavo de Garc\u00eda en solitario tras la disoluci\u00f3n de su anterior formaci\u00f3n. El \u00daltimo de la Fila y del ya mencionado \u00faltimo disco \u00abGeometr\u00eda del Rayo-, que mantuvo a Manolo Garc\u00eda en el N\u00famero 1 de ventas durante seis semanas consecutivas y con el que recibi\u00f3 el premio Grammy Latino al Mejor \u00c1lbum Pop Rock del a\u00f1o, el prestigioso Premio Ondas de la M\u00fasica 2018. adem\u00e1s de colgar el cartel de \u00abentradas agotadas\u00bb en su gira por toda Espa\u00f1a.<\/p>\n\n\n\n<p><br>Entradas para la Gira 2022 a la venta a partir del 13 de Diciembre en El Corte Ingl\u00e9s , Ticketmaster y www.Manolo-Garcia.com<\/p>\n","protected":false},"excerpt":{"rendered":"<p>ATENCI\u00d3N! BOMBAZO! MANOLO GARC\u00cdA SALE DE GIRA EN 2022!!! PRIMERAS FECHAS CONFIRMADAS!!!A la venta a partir del 13 de Diciembre en El Corte Ingl\u00e9s , Ticketmaster y www.Manolo-Garcia.com Manolo Garc\u00eda volver\u00e1 a los escenarios la pr\u00f3xima primavera con un nuevo disco de estudio. Despu\u00e9s de su exitosa gira \u00abGeometr\u00eda del Rayo\u00bb de los a\u00f1os 2018<a class=\"moretag\" href=\"https:\/\/www.manologarciaycia.com\/?p=22145\" title=\"MANOLO GARC\u00cdA SALE DE GIRA EN 2022!!! NUEVO DISCO DE ESTUDIO EN PRIMAVERA!\" target=\"_self\" rel=\"follow\"> <font face=arial size=2>[Leer m\u00e1s]<\/font> <\/a><\/p>\n","protected":false},"author":2,"featured_media":22146,"comment_status":"closed","ping_status":"closed","sticky":false,"template":"","format":"standard","meta":{"footnotes":""},"categories":[1],"tags":[],"class_list":["post-22145","post","type-post","status-publish","format-standard","has-post-thumbnail","hentry","category-manolo-garcia"],"_links":{"self":[{"href":"https:\/\/www.manologarciaycia.com\/index.php?rest_route=\/wp\/v2\/posts\/22145","targetHints":{"allow":["GET"]}}],"collection":[{"href":"https:\/\/www.manologarciaycia.com\/index.php?rest_route=\/wp\/v2\/posts"}],"about":[{"href":"https:\/\/www.manologarciaycia.com\/index.php?rest_route=\/wp\/v2\/types\/post"}],"author":[{"embeddable":true,"href":"https:\/\/www.manologarciaycia.com\/index.php?rest_route=\/wp\/v2\/users\/2"}],"replies":[{"embeddable":true,"href":"https:\/\/www.manologarciaycia.com\/index.php?rest_route=%2Fwp%2Fv2%2Fcomments&post=22145"}],"version-history":[{"count":3,"href":"https:\/\/www.manologarciaycia.com\/index.php?rest_route=\/wp\/v2\/posts\/22145\/revisions"}],"predecessor-version":[{"id":22151,"href":"https:\/\/www.manologarciaycia.com\/index.php?rest_route=\/wp\/v2\/posts\/22145\/revisions\/22151"}],"wp:featuredmedia":[{"embeddable":true,"href":"https:\/\/www.manologarciaycia.com\/index.php?rest_route=\/wp\/v2\/media\/22146"}],"wp:attachment":[{"href":"https:\/\/www.manologarciaycia.com\/index.php?rest_route=%2Fwp%2Fv2%2Fmedia&parent=22145"}],"wp:term":[{"taxonomy":"category","embeddable":true,"href":"https:\/\/www.manologarciaycia.com\/index.php?rest_route=%2Fwp%2Fv2%2Fcategories&post=22145"},{"taxonomy":"post_tag","embeddable":true,"href":"https:\/\/www.manologarciaycia.com\/index.php?rest_route=%2Fwp%2Fv2%2Ftags&post=22145"}],"curies":[{"name":"wp","href":"https:\/\/api.w.org\/{rel}","templated":true}]}}