{"id":22137,"date":"2021-12-08T09:36:32","date_gmt":"2021-12-08T08:36:32","guid":{"rendered":"https:\/\/www.manologarciaycia.com\/?p=22137"},"modified":"2021-12-08T09:36:36","modified_gmt":"2021-12-08T08:36:36","slug":"musica-para-despertar","status":"publish","type":"post","link":"https:\/\/www.manologarciaycia.com\/?p=22137","title":{"rendered":"M\u00fasica para despertar!"},"content":{"rendered":"\n<p>\u00abQue gran honor volver a recibir el apoyo de Manolo Garc\u00eda, \u00a1y poder verle con nuestra camiseta! Gracias de coraz\u00f3n por ayudar a concienciar a m\u00e1s personas acerca del poder de la m\u00fasica y el amor en el Alzheimer. <\/p>\n\n\n\n<p>Gran m\u00fasico, persona, artista, pintor&#8230; y sin duda, parte de la Banda Sonora Vital de millones de personas en todo el Mundo. <\/p>\n\n\n\n<p>Desde sus canciones con \u00abEl \u00daltimo de la Fila\u00bb a su trayectoria en solitario, uniendo generaciones, y ayudando con su m\u00fasica a transitar de otra forma por la vida.<\/p>\n\n\n\n<p>Si te gusta Manolo Garc\u00eda y quieres saber c\u00f3mo su m\u00fasica puede ser la llave de una bonita historia entre un nieto y su abuelo con Alzheimer, puedes conseguir la novela <strong>\u00abEl Hilo de Ariadna\u00bb<\/strong> desde nuestra web, ayudando a seguir haciendo crecer nuestra labor. <\/p>\n\n\n\n<p>La m\u00fasica de Manolo Garc\u00eda pone banda sonora a esta novela, de nuestro querido y admirado Jose Angel Lucena G\u00f3mez, y que adem\u00e1s, como bien quieren los astros, es el mismo autor de esta fotograf\u00eda. <\/p>\n\n\n\n<p>Consigue su novela desde nuestra web, as\u00ed como nuestra camiseta para unirte al Baile<\/p>\n\n\n\n<p>\u00a1Manolo Garc\u00eda ya tiene la suya!<\/p>\n\n\n\n<p><a rel=\"noreferrer noopener\" href=\"https:\/\/www.musicaparadespertar.com\/tienda-solidaria\/?fbclid=IwAR2DFnN-JPZSuTXMux1f57xEgqxtP8u_75yHm3_VVerfkXCQmFlIkg5R7HY\" target=\"_blank\">https:\/\/www.musicaparadespertar.com\/tienda-solidaria\/<\/a><\/p>\n","protected":false},"excerpt":{"rendered":"<p>\u00abQue gran honor volver a recibir el apoyo de Manolo Garc\u00eda, \u00a1y poder verle con nuestra camiseta! Gracias de coraz\u00f3n por ayudar a concienciar a m\u00e1s personas acerca del poder de la m\u00fasica y el amor en el Alzheimer. Gran m\u00fasico, persona, artista, pintor&#8230; y sin duda, parte de la Banda Sonora Vital de millones<a class=\"moretag\" href=\"https:\/\/www.manologarciaycia.com\/?p=22137\" title=\"M\u00fasica para despertar!\" target=\"_self\" rel=\"follow\"> <font face=arial size=2>[Leer m\u00e1s]<\/font> <\/a><\/p>\n","protected":false},"author":2,"featured_media":22138,"comment_status":"closed","ping_status":"closed","sticky":false,"template":"","format":"standard","meta":{"footnotes":""},"categories":[1],"tags":[],"class_list":["post-22137","post","type-post","status-publish","format-standard","has-post-thumbnail","hentry","category-manolo-garcia"],"_links":{"self":[{"href":"https:\/\/www.manologarciaycia.com\/index.php?rest_route=\/wp\/v2\/posts\/22137","targetHints":{"allow":["GET"]}}],"collection":[{"href":"https:\/\/www.manologarciaycia.com\/index.php?rest_route=\/wp\/v2\/posts"}],"about":[{"href":"https:\/\/www.manologarciaycia.com\/index.php?rest_route=\/wp\/v2\/types\/post"}],"author":[{"embeddable":true,"href":"https:\/\/www.manologarciaycia.com\/index.php?rest_route=\/wp\/v2\/users\/2"}],"replies":[{"embeddable":true,"href":"https:\/\/www.manologarciaycia.com\/index.php?rest_route=%2Fwp%2Fv2%2Fcomments&post=22137"}],"version-history":[{"count":1,"href":"https:\/\/www.manologarciaycia.com\/index.php?rest_route=\/wp\/v2\/posts\/22137\/revisions"}],"predecessor-version":[{"id":22139,"href":"https:\/\/www.manologarciaycia.com\/index.php?rest_route=\/wp\/v2\/posts\/22137\/revisions\/22139"}],"wp:featuredmedia":[{"embeddable":true,"href":"https:\/\/www.manologarciaycia.com\/index.php?rest_route=\/wp\/v2\/media\/22138"}],"wp:attachment":[{"href":"https:\/\/www.manologarciaycia.com\/index.php?rest_route=%2Fwp%2Fv2%2Fmedia&parent=22137"}],"wp:term":[{"taxonomy":"category","embeddable":true,"href":"https:\/\/www.manologarciaycia.com\/index.php?rest_route=%2Fwp%2Fv2%2Fcategories&post=22137"},{"taxonomy":"post_tag","embeddable":true,"href":"https:\/\/www.manologarciaycia.com\/index.php?rest_route=%2Fwp%2Fv2%2Ftags&post=22137"}],"curies":[{"name":"wp","href":"https:\/\/api.w.org\/{rel}","templated":true}]}}