{"id":22108,"date":"2021-12-04T10:49:51","date_gmt":"2021-12-04T09:49:51","guid":{"rendered":"https:\/\/www.manologarciaycia.com\/?p=22108"},"modified":"2021-12-04T10:49:55","modified_gmt":"2021-12-04T09:49:55","slug":"la-otra-faceta-de-manolo-garcia-antes-de-tener-una-guitarra-tuve-un-caballete-de-pintura","status":"publish","type":"post","link":"https:\/\/www.manologarciaycia.com\/?p=22108","title":{"rendered":"La otra faceta de Manolo Garc\u00eda: \u00abAntes de tener una guitarra tuve un caballete de pintura\u00bb"},"content":{"rendered":"\n<p>El cantante Manolo Garc\u00eda, quien fuera vocalista del grupo &#8216;El \u00faltimo de la fila&#8217;, ha presentado su exposici\u00f3n Cuerpos celestes en el Canal 24h de TVE.<br><\/p>\n\n\n\n<p>Fuente: Rtve &#8211; ENLACE:  <a href=\"https:\/\/www.rtve.es\/play\/videos\/cultura-en-24\/entrevista-tve-faceta-pintor-manolo-garcia-exposicion-cuerpos-celestes\/6235395\/\" target=\"_blank\" rel=\"noreferrer noopener\">https:\/\/www.rtve.es\/play\/videos\/cultura-en-24\/entrevista-tve-faceta-pintor-manolo-garcia-exposicion-cuerpos-celestes\/6235395\/ <\/a><\/p>\n","protected":false},"excerpt":{"rendered":"<p>El cantante Manolo Garc\u00eda, quien fuera vocalista del grupo &#8216;El \u00faltimo de la fila&#8217;, ha presentado su exposici\u00f3n Cuerpos celestes en el Canal 24h de TVE. Fuente: Rtve &#8211; ENLACE: https:\/\/www.rtve.es\/play\/videos\/cultura-en-24\/entrevista-tve-faceta-pintor-manolo-garcia-exposicion-cuerpos-celestes\/6235395\/<a class=\"moretag\" href=\"https:\/\/www.manologarciaycia.com\/?p=22108\" title=\"La otra faceta de Manolo Garc\u00eda: \u00abAntes de tener una guitarra tuve un caballete de pintura\u00bb\" target=\"_self\" rel=\"follow\"> <font face=arial size=2>[Leer m\u00e1s]<\/font> <\/a><\/p>\n","protected":false},"author":2,"featured_media":0,"comment_status":"closed","ping_status":"closed","sticky":false,"template":"","format":"video","meta":{"footnotes":""},"categories":[1],"tags":[],"class_list":["post-22108","post","type-post","status-publish","format-video","hentry","category-manolo-garcia","post_format-post-format-video"],"_links":{"self":[{"href":"https:\/\/www.manologarciaycia.com\/index.php?rest_route=\/wp\/v2\/posts\/22108","targetHints":{"allow":["GET"]}}],"collection":[{"href":"https:\/\/www.manologarciaycia.com\/index.php?rest_route=\/wp\/v2\/posts"}],"about":[{"href":"https:\/\/www.manologarciaycia.com\/index.php?rest_route=\/wp\/v2\/types\/post"}],"author":[{"embeddable":true,"href":"https:\/\/www.manologarciaycia.com\/index.php?rest_route=\/wp\/v2\/users\/2"}],"replies":[{"embeddable":true,"href":"https:\/\/www.manologarciaycia.com\/index.php?rest_route=%2Fwp%2Fv2%2Fcomments&post=22108"}],"version-history":[{"count":1,"href":"https:\/\/www.manologarciaycia.com\/index.php?rest_route=\/wp\/v2\/posts\/22108\/revisions"}],"predecessor-version":[{"id":22110,"href":"https:\/\/www.manologarciaycia.com\/index.php?rest_route=\/wp\/v2\/posts\/22108\/revisions\/22110"}],"wp:attachment":[{"href":"https:\/\/www.manologarciaycia.com\/index.php?rest_route=%2Fwp%2Fv2%2Fmedia&parent=22108"}],"wp:term":[{"taxonomy":"category","embeddable":true,"href":"https:\/\/www.manologarciaycia.com\/index.php?rest_route=%2Fwp%2Fv2%2Fcategories&post=22108"},{"taxonomy":"post_tag","embeddable":true,"href":"https:\/\/www.manologarciaycia.com\/index.php?rest_route=%2Fwp%2Fv2%2Ftags&post=22108"}],"curies":[{"name":"wp","href":"https:\/\/api.w.org\/{rel}","templated":true}]}}