{"id":22105,"date":"2021-12-04T10:38:15","date_gmt":"2021-12-04T09:38:15","guid":{"rendered":"https:\/\/www.manologarciaycia.com\/?p=22105"},"modified":"2021-12-04T10:38:19","modified_gmt":"2021-12-04T09:38:19","slug":"cuerpos-celestes-un-viaje-sin-musica-con-manolo-garcia","status":"publish","type":"post","link":"https:\/\/www.manologarciaycia.com\/?p=22105","title":{"rendered":"&#8216;Cuerpos celestes&#8217;, un viaje sin m\u00fasica con Manolo Garc\u00eda"},"content":{"rendered":"\n<p>La creatividad del cantante llega por otras v\u00edas, a trav\u00e9s de la pintura y la escultura, con la exposici\u00f3n de 60 de sus obras en Alhaur\u00edn de la Torre (M\u00e1laga), a partir del 3 de diciembre.<\/p>\n\n\n\n<p>Ya lo dec\u00eda la letra de una de sus canciones \u00abL\u00e1piz, tinta y el placer de reencontrar\u00bb. Pues esto es lo que hace el cantante&nbsp;<strong>Manolo Garc\u00eda<\/strong>&nbsp;entre concierto y concierto, entre viaje y viaje durante sus giras, coge el l\u00e1piz o el carboncillo y representa su propio mundo.<\/p>\n\n\n\n<p>Un mundo tan personal como sus canciones, que son un&nbsp;<strong>reencuentro permanente con la naturaleza<\/strong>, ya en esta forma art\u00edstica consigue&nbsp;<strong>huir de la modernidad<\/strong>&nbsp;que le rodea en su vida cotidiana, como \u00e9l mismo explica, y por ello pinta animales, elementos vegetales y paisajes de forma abstracta.<\/p>\n\n\n\n<p>Una afici\u00f3n por la\u00a0<strong>pintura<\/strong>, y tambi\u00e9n por la\u00a0<strong>escultura<\/strong>, que estas navidades comparte con el p\u00fablico andaluz, ya que expone\u00a0<strong>60 de sus obras en el centro cultural El Port\u00f3n de Alhaur\u00edn de la Torre<\/strong>, en M\u00e1laga. La exposici\u00f3n lleva el t\u00edtulo &#8216;Cuerpos celestes&#8217; y se podr\u00e1 ver a partir del 3 de diciembre y hasta el 30 de enero.<\/p>\n\n\n\n<p>Al compositor esta faceta art\u00edstica le ha acompa\u00f1ado desde muy joven, es su v\u00eda de escape y fuente de inspiraci\u00f3n para su m\u00fasica. Adem\u00e1s, Garc\u00eda&nbsp;<strong>estudi\u00f3 dise\u00f1o<\/strong>&nbsp;en la Escuela de Artes Aplicadas y Oficios Art\u00edsticos de Barcelona y trabaj\u00f3 en varias agencias de publicidad de la ciudad condal.<\/p>\n\n\n\n<p>&#8216;Cuerpos celestes&#8217; ofrece la oportunidad de conocer el mundo particular del artista desde otra vertiente, aunque muy ligada a las letras con las que ha conquistado a toda una generaci\u00f3n cuando formaba parte el grupo\u00a0<strong>El \u00faltimo de la fila<\/strong>,\u00a0<strong>Los Burros<\/strong>\u00a0o ahora en solitario.<\/p>\n\n\n\n<p>Fuente: Manuela Herreros &#8211; ES Diario Andaluc\u00eda &#8211; ENLACE: <a href=\"https:\/\/www.esdiario.com\/andalucia\/217063567\/cuerpos-celestes-un-viaje-sin-musica-con-manolo-garcia-.html\" target=\"_blank\" rel=\"noreferrer noopener\">&#8216;Cuerpos celestes&#8217;, un viaje sin m\u00fasica con Manolo Garc\u00eda &#8211; ESdiario<\/a><\/p>\n","protected":false},"excerpt":{"rendered":"<p>La creatividad del cantante llega por otras v\u00edas, a trav\u00e9s de la pintura y la escultura, con la exposici\u00f3n de 60 de sus obras en Alhaur\u00edn de la Torre (M\u00e1laga), a partir del 3 de diciembre. Ya lo dec\u00eda la letra de una de sus canciones \u00abL\u00e1piz, tinta y el placer de reencontrar\u00bb. Pues esto<a class=\"moretag\" href=\"https:\/\/www.manologarciaycia.com\/?p=22105\" title=\"&#8216;Cuerpos celestes&#8217;, un viaje sin m\u00fasica con Manolo Garc\u00eda\" target=\"_self\" rel=\"follow\"> <font face=arial size=2>[Leer m\u00e1s]<\/font> <\/a><\/p>\n","protected":false},"author":2,"featured_media":22106,"comment_status":"closed","ping_status":"closed","sticky":false,"template":"","format":"standard","meta":{"footnotes":""},"categories":[1],"tags":[],"class_list":["post-22105","post","type-post","status-publish","format-standard","has-post-thumbnail","hentry","category-manolo-garcia"],"_links":{"self":[{"href":"https:\/\/www.manologarciaycia.com\/index.php?rest_route=\/wp\/v2\/posts\/22105","targetHints":{"allow":["GET"]}}],"collection":[{"href":"https:\/\/www.manologarciaycia.com\/index.php?rest_route=\/wp\/v2\/posts"}],"about":[{"href":"https:\/\/www.manologarciaycia.com\/index.php?rest_route=\/wp\/v2\/types\/post"}],"author":[{"embeddable":true,"href":"https:\/\/www.manologarciaycia.com\/index.php?rest_route=\/wp\/v2\/users\/2"}],"replies":[{"embeddable":true,"href":"https:\/\/www.manologarciaycia.com\/index.php?rest_route=%2Fwp%2Fv2%2Fcomments&post=22105"}],"version-history":[{"count":1,"href":"https:\/\/www.manologarciaycia.com\/index.php?rest_route=\/wp\/v2\/posts\/22105\/revisions"}],"predecessor-version":[{"id":22107,"href":"https:\/\/www.manologarciaycia.com\/index.php?rest_route=\/wp\/v2\/posts\/22105\/revisions\/22107"}],"wp:featuredmedia":[{"embeddable":true,"href":"https:\/\/www.manologarciaycia.com\/index.php?rest_route=\/wp\/v2\/media\/22106"}],"wp:attachment":[{"href":"https:\/\/www.manologarciaycia.com\/index.php?rest_route=%2Fwp%2Fv2%2Fmedia&parent=22105"}],"wp:term":[{"taxonomy":"category","embeddable":true,"href":"https:\/\/www.manologarciaycia.com\/index.php?rest_route=%2Fwp%2Fv2%2Fcategories&post=22105"},{"taxonomy":"post_tag","embeddable":true,"href":"https:\/\/www.manologarciaycia.com\/index.php?rest_route=%2Fwp%2Fv2%2Ftags&post=22105"}],"curies":[{"name":"wp","href":"https:\/\/api.w.org\/{rel}","templated":true}]}}