{"id":22092,"date":"2021-12-04T08:00:11","date_gmt":"2021-12-04T07:00:11","guid":{"rendered":"https:\/\/www.manologarciaycia.com\/?p=22092"},"modified":"2021-12-04T08:00:15","modified_gmt":"2021-12-04T07:00:15","slug":"manolo-garcia-mi-pretension-pictorica-no-es-perdurar-pinto-para-ser-feliz","status":"publish","type":"post","link":"https:\/\/www.manologarciaycia.com\/?p=22092","title":{"rendered":"Manolo Garc\u00eda: \u201cMi pretensi\u00f3n pict\u00f3rica no es perdurar, pinto para ser feliz\u201d"},"content":{"rendered":"\n<p>El artista trae a Alhaur\u00edn de la Torre (M\u00e1laga) su exposici\u00f3n \u201cCuerpos celestes\u201d<\/p>\n\n\n\n<p>El cantautor Manolo Garc\u00eda, al que Espa\u00f1a acompa\u00f1\u00f3 siendo \u201cel \u00faltimo de la fila\u201d, muestra su faceta art\u00edstica m\u00e1s \u00edntima, la pict\u00f3rica, y asegura en una entrevista a EFE que \u201csu pretensi\u00f3n no es perdurar o pasar a los libros de la historia del arte, sino pintar para ser feliz\u201d.<\/p>\n\n\n\n<p>El barcelon\u00e9s, que lleva dos a\u00f1os sin subirse a un escenario, confiesa que este periodo le ha servido para \u201crecomponerse\u201d y volver a tener ganas de actuar frente al p\u00fablico, as\u00ed como para desarrollar su pasi\u00f3n por la pintura, una afici\u00f3n que no puede faltar en su d\u00eda a d\u00eda y que representa un \u201calimento\u201d para su alma.<\/p>\n\n\n\n<p>Trae a Andaluc\u00eda, concretamente a Alhaur\u00edn de la Torre (M\u00e1laga), su exposici\u00f3n \u201cCuerpos celestes\u201d, compuesta por 60 obras pict\u00f3ricas, escult\u00f3ricas y dibujos del artista, inspirado por la ingente cantidad de informaci\u00f3n visual y sonora que los humanos recibimos \u201cdesde la cuna\u201d.<\/p>\n\n\n\n<figure class=\"wp-block-image\"><a href=\"https:\/\/www.seedtag.com\/?utm_source=seedtag_publisher&amp;utm_medium=seedtag_tag&amp;utm_campaign=tag\" target=\"_blank\" rel=\"noreferrer noopener\"><img decoding=\"async\" src=\"https:\/\/www.larazon.es\/resizer\/6qxAetAQQB2UZPhXl34oIyHnQ4M=\/600x0\/smart\/filters:format(jpg)\/cloudfront-eu-central-1.images.arcpublishing.com\/larazon\/NQNEZ7TKGJBMLHRH2LIXNO7C7A.jpg\" alt=\"\u201cCuerpos celestes\u201d est\u00e1 compuesta por 60 obras pict\u00f3ricas, escult\u00f3ricas y dibujos del artista. EFE\/Dani Luque\n\"\/><\/a><\/figure>\n\n\n\n<p>\u201cAhora estamos en un l\u00edmite de informaci\u00f3n hasta casi peligroso\u201d, comenta el cantante, que insiste en que, por ello, es \u201cimposible\u201d no inspirarse. Afirma que el humano est\u00e1 \u201csobrepasado\u201d de motivaciones y de \u201ccontestar whatsapps\u201d, pero \u00e9l prefiere pintar para hacer que otra persona se olvida de tantos est\u00edmulos informativos.<\/p>\n\n\n\n<h4 class=\"wp-block-heading\"><strong>DETENER EL TIEMPO MEDIANTE LA PINTURA<\/strong><\/h4>\n\n\n\n<p>Manipular el tiempo: ese es el objetivo en su doble vertiente de cantante y de pintor. Mientras el m\u00fasico es capaz de \u201chacer bailar el tiempo\u201d, el pintor puede hacer que se detenga \u00e9ste para el espectador. Para el propio creador, la pintura es \u201cuna manera de levitar\u201d y de evitar \u201ccaer a plomo ante estupideces que nos tienen encadenados\u201d.<\/p>\n\n\n\n<p>Para el artista, su incursi\u00f3n en la m\u00fasica ha hecho que no desplegara una carrera como pintor, pero no se arrepiente de nada y asevera que ha \u201cobrado con sinceridad\u201d y seguido su \u201cinstinto animal\u201d e insta a la sociedad a hacerle caso al coraz\u00f3n y seguir menos a la cabeza.<\/p>\n\n\n\n<p>\u201cYo he puesto la energ\u00eda en intentar tirar adelante una carrera musical y la energ\u00eda no se puede desdoblar\u201d, confiesa a Efe Garc\u00eda sobre su incursi\u00f3n en la m\u00fasica y el no apostar m\u00e1s por la pintura, a pesar de que era su pasi\u00f3n desde que ten\u00eda 14 a\u00f1os, cuando le pidi\u00f3 a su madre que le comprara su primer caballete.<\/p>\n\n\n\n<p>A pesar de su filosof\u00eda de concentrase en una cosa por encima de la otra, el cantautor afirma que la m\u00fasica y la pintura son disciplinas que se pueden llevar al un\u00edsono. Para \u00e9l, la pintura \u201cson momentos de hotel y de casa\u201d, \u201csiempre con tranquilidad\u201d, pero \u201ccon la maleta preparada\u201d para llevar a cabo su expresi\u00f3n musical.<\/p>\n\n\n\n<h4 class=\"wp-block-heading\"><strong>M\u00c1S DE 1.000 OBRAS PINTANDO AL RALENT\u00cd<\/strong><\/h4>\n\n\n\n<p>El ex integrante de \u201cEl \u00faltimo de la fila\u201d, \u201cLos r\u00e1pidos\u201d o \u201cLos burros\u201d y ahora cantante en solitario asegura que durante muchos a\u00f1os ha pintado \u201cal ralent\u00ed\u201d, pero en los \u00faltimos le ha puesto \u201cuna marcha m\u00e1s\u201d y no para de pintar, llegando a crear m\u00e1s de 1.000 obras, acuarelas y dibujos.<\/p>\n\n\n\n<p>La pandemia y el consecuente par\u00f3n de los espect\u00e1culos ha sido un \u201cpalo muy fuerte\u201d para los m\u00fasicos, seg\u00fan \u00e9ste. Asegura que echa de menos volver, pero no es \u201cun enfermo del escenario\u201d y puede \u201cvivir sin el aplauso\u201d del p\u00fablico, lo que define como \u201cun momento de vanidad\u201d. Confiesa serlo, pero, afirma, lo es \u201csanamente\u201d.<\/p>\n\n\n\n<p>Manolo Garc\u00eda tiene cuerda para rato. \u201cMientras no me echen mi plan ser\u00e1 seguir, si me dejan\u201d, insiste el artista, que afirma que \u201cla palabra la tiene el p\u00fablico\u201d y \u201cen el momento en el que note que su obra ya no interesa\u201d se despedir\u00e1 con un \u201cSe\u00f1ores, ha sido un placer y hasta luego, Lucas\u201d.<\/p>\n\n\n\n<p>\u201cMientras yo note que aporto algo seguir\u00e9 aqu\u00ed\u201d, relata el compositor barcelon\u00e9s, que se\u00f1ala que no tiene la pretensi\u00f3n de tocar en grandes conciertos. \u201cCon un par de m\u00fasicos m\u00e1s, tres guitarras y tocar en lugares peque\u00f1os ya soy feliz. Empec\u00e9 as\u00ed y puedo acabar as\u00ed\u201d, se sincera.<\/p>\n\n\n\n<p>No concibe la vida sin pintar, igual que no la concibe sin ver museos o disfrutar de pintores, asegura el artista cuya obra estar\u00e1 expuesta en la localidad malague\u00f1a desde este viernes 3 de diciembre hasta el 30 de enero de 2022. \u201cNo me ver\u00e1s mucho en bares de copas, me ver\u00e1s mirando cuadros flipando en colores\u201d, finaliza.<\/p>\n\n\n\n<p>Fuente: La Raz\u00f3n &#8211; EFE &#8211; Fotos Dani Luque &#8211; ENLACE: <a href=\"https:\/\/www.larazon.es\/andalucia\/20211203\/b6t5jvyilra2tomuy6nojgmbw4.html\" target=\"_blank\" rel=\"noreferrer noopener\">Manolo Garc\u00eda: \u201cMi pretensi\u00f3n pict\u00f3rica no es perdurar, pinto para ser feliz\u201d (larazon.es)<\/a><\/p>\n\n\n\n<p><\/p>\n","protected":false},"excerpt":{"rendered":"<p>El artista trae a Alhaur\u00edn de la Torre (M\u00e1laga) su exposici\u00f3n \u201cCuerpos celestes\u201d El cantautor Manolo Garc\u00eda, al que Espa\u00f1a acompa\u00f1\u00f3 siendo \u201cel \u00faltimo de la fila\u201d, muestra su faceta art\u00edstica m\u00e1s \u00edntima, la pict\u00f3rica, y asegura en una entrevista a EFE que \u201csu pretensi\u00f3n no es perdurar o pasar a los libros de la<a class=\"moretag\" href=\"https:\/\/www.manologarciaycia.com\/?p=22092\" title=\"Manolo Garc\u00eda: \u201cMi pretensi\u00f3n pict\u00f3rica no es perdurar, pinto para ser feliz\u201d\" target=\"_self\" rel=\"follow\"> <font face=arial size=2>[Leer m\u00e1s]<\/font> <\/a><\/p>\n","protected":false},"author":2,"featured_media":22093,"comment_status":"closed","ping_status":"closed","sticky":false,"template":"","format":"standard","meta":{"footnotes":""},"categories":[1],"tags":[],"class_list":["post-22092","post","type-post","status-publish","format-standard","has-post-thumbnail","hentry","category-manolo-garcia"],"_links":{"self":[{"href":"https:\/\/www.manologarciaycia.com\/index.php?rest_route=\/wp\/v2\/posts\/22092","targetHints":{"allow":["GET"]}}],"collection":[{"href":"https:\/\/www.manologarciaycia.com\/index.php?rest_route=\/wp\/v2\/posts"}],"about":[{"href":"https:\/\/www.manologarciaycia.com\/index.php?rest_route=\/wp\/v2\/types\/post"}],"author":[{"embeddable":true,"href":"https:\/\/www.manologarciaycia.com\/index.php?rest_route=\/wp\/v2\/users\/2"}],"replies":[{"embeddable":true,"href":"https:\/\/www.manologarciaycia.com\/index.php?rest_route=%2Fwp%2Fv2%2Fcomments&post=22092"}],"version-history":[{"count":1,"href":"https:\/\/www.manologarciaycia.com\/index.php?rest_route=\/wp\/v2\/posts\/22092\/revisions"}],"predecessor-version":[{"id":22094,"href":"https:\/\/www.manologarciaycia.com\/index.php?rest_route=\/wp\/v2\/posts\/22092\/revisions\/22094"}],"wp:featuredmedia":[{"embeddable":true,"href":"https:\/\/www.manologarciaycia.com\/index.php?rest_route=\/wp\/v2\/media\/22093"}],"wp:attachment":[{"href":"https:\/\/www.manologarciaycia.com\/index.php?rest_route=%2Fwp%2Fv2%2Fmedia&parent=22092"}],"wp:term":[{"taxonomy":"category","embeddable":true,"href":"https:\/\/www.manologarciaycia.com\/index.php?rest_route=%2Fwp%2Fv2%2Fcategories&post=22092"},{"taxonomy":"post_tag","embeddable":true,"href":"https:\/\/www.manologarciaycia.com\/index.php?rest_route=%2Fwp%2Fv2%2Ftags&post=22092"}],"curies":[{"name":"wp","href":"https:\/\/api.w.org\/{rel}","templated":true}]}}