{"id":22069,"date":"2021-11-24T07:52:18","date_gmt":"2021-11-24T06:52:18","guid":{"rendered":"https:\/\/www.manologarciaycia.com\/?p=22069"},"modified":"2021-11-24T07:52:22","modified_gmt":"2021-11-24T06:52:22","slug":"llanto-de-pasion-el-ultimo-de-la-fila-1989","status":"publish","type":"post","link":"https:\/\/www.manologarciaycia.com\/?p=22069","title":{"rendered":"Llanto de Pasi\u00f3n, El \u00daltimo de la Fila 1989"},"content":{"rendered":"\n<p>El \u00daltimo de la Fila en el programa de Rtve La Luna, de Julia Otero. Emitido el 2\/5\/1989. Entrevista y Llanto de Pasi\u00f3n.<\/p>\n\n\n\n<p>Me he acordado muchas veces de ti<br>Y hoy he pensado en volverte a escribir<br>Quiero contarte que buscando entre mis libros<br>Vi tus dibujos y casi te o\u00ed decir<br>Hola qu\u00e9 tal, y con Manuel, \u00bfqu\u00e9 tal?<br>Vamos pero dando la vuelta<br>Espera, no me abraces a\u00fan<br>Que est\u00e1 mi madre en el balc\u00f3n<\/p>\n\n\n\n<p>Yo vivo en el mismo lugar<br>Existe a\u00fan aquel bar del rinc\u00f3n<br>Donde sol\u00edamos hablar<br>Donde escuch\u00e1bamos nuestra canci\u00f3n<br>Ahora ya no van a merendar<br>Los de la f\u00e1brica de gas<br>Ahora ya no hay palomas<br>Ni aquel gato que era cazador<br>Arrancaron el \u00e1rbol<br>Que hac\u00eda sombra en tu puerta<\/p>\n\n\n\n<p>Y casi te oigo decir<br>Hola qu\u00e9 tal, y con Manuel?<br>Casi te puedo imaginar<br>Al ver tu firma en un papel<\/p>\n\n\n\n<p>A\u00fan te recuerdo, muchas veces pienso en ti<br>Y hoy he pensado en volverte a escribir<br>Agua de lluvia, agua de d\u00edas que vendr\u00e1n<br>Me despert\u00e9 sin ti, no volver\u00e1s jam\u00e1s<\/p>\n\n\n\n<p>Adi\u00f3s Manuel, y con Manuel, me voy<br>Hacia el fondo, al mar de la nada<br>Y yo aqu\u00ed tendido estoy<br>En este lecho de llanto<br>Arriba, venga ponte de pie<br>Lo que pas\u00f3 ya no existe. Pues bien<br>Hace ya m\u00e1s de un mes<br>Ahora mejor es olvidar<\/p>\n\n\n\n<p>Llanto de pasi\u00f3n<br>No recuerdo qui\u00e9n fue<br>A la que tanto am\u00e9<br>Qu\u00e9 cansado que estoy<br>Recuerdos que al final<br>Son un cruce de caminos<br>\u00bfQu\u00e9 tal, y con Manuel?<br>Ya ves, vuelvo a donde empec\u00e9\u00bb<\/p>\n","protected":false},"excerpt":{"rendered":"<p>El \u00daltimo de la Fila en el programa de Rtve La Luna, de Julia Otero. Emitido el 2\/5\/1989. Entrevista y Llanto de Pasi\u00f3n. Me he acordado muchas veces de tiY hoy he pensado en volverte a escribirQuiero contarte que buscando entre mis librosVi tus dibujos y casi te o\u00ed decirHola qu\u00e9 tal, y con Manuel,<a class=\"moretag\" href=\"https:\/\/www.manologarciaycia.com\/?p=22069\" title=\"Llanto de Pasi\u00f3n, El \u00daltimo de la Fila 1989\" target=\"_self\" rel=\"follow\"> <font face=arial size=2>[Leer m\u00e1s]<\/font> <\/a><\/p>\n","protected":false},"author":2,"featured_media":0,"comment_status":"closed","ping_status":"closed","sticky":false,"template":"","format":"video","meta":{"footnotes":""},"categories":[1],"tags":[],"class_list":["post-22069","post","type-post","status-publish","format-video","hentry","category-manolo-garcia","post_format-post-format-video"],"_links":{"self":[{"href":"https:\/\/www.manologarciaycia.com\/index.php?rest_route=\/wp\/v2\/posts\/22069","targetHints":{"allow":["GET"]}}],"collection":[{"href":"https:\/\/www.manologarciaycia.com\/index.php?rest_route=\/wp\/v2\/posts"}],"about":[{"href":"https:\/\/www.manologarciaycia.com\/index.php?rest_route=\/wp\/v2\/types\/post"}],"author":[{"embeddable":true,"href":"https:\/\/www.manologarciaycia.com\/index.php?rest_route=\/wp\/v2\/users\/2"}],"replies":[{"embeddable":true,"href":"https:\/\/www.manologarciaycia.com\/index.php?rest_route=%2Fwp%2Fv2%2Fcomments&post=22069"}],"version-history":[{"count":1,"href":"https:\/\/www.manologarciaycia.com\/index.php?rest_route=\/wp\/v2\/posts\/22069\/revisions"}],"predecessor-version":[{"id":22071,"href":"https:\/\/www.manologarciaycia.com\/index.php?rest_route=\/wp\/v2\/posts\/22069\/revisions\/22071"}],"wp:attachment":[{"href":"https:\/\/www.manologarciaycia.com\/index.php?rest_route=%2Fwp%2Fv2%2Fmedia&parent=22069"}],"wp:term":[{"taxonomy":"category","embeddable":true,"href":"https:\/\/www.manologarciaycia.com\/index.php?rest_route=%2Fwp%2Fv2%2Fcategories&post=22069"},{"taxonomy":"post_tag","embeddable":true,"href":"https:\/\/www.manologarciaycia.com\/index.php?rest_route=%2Fwp%2Fv2%2Ftags&post=22069"}],"curies":[{"name":"wp","href":"https:\/\/api.w.org\/{rel}","templated":true}]}}