{"id":22066,"date":"2021-11-23T10:42:29","date_gmt":"2021-11-23T09:42:29","guid":{"rendered":"https:\/\/www.manologarciaycia.com\/?p=22066"},"modified":"2021-11-23T10:42:33","modified_gmt":"2021-11-23T09:42:33","slug":"manolo-garcia-protagonista-del-puente-de-diciembre-en-alhaurin-de-la-torre","status":"publish","type":"post","link":"https:\/\/www.manologarciaycia.com\/?p=22066","title":{"rendered":"Manolo Garc\u00eda, protagonista del puente de diciembre en Alhaur\u00edn de la Torre"},"content":{"rendered":"\n<p>El polifac\u00e9tico artista y m\u00fasico ha elegido nuestro municipio para presentar en exclusiva, en toda Andaluc\u00eda, su muestra \u2018Cuerpos Celestes\u2019 (d\u00eda 3\/12) y volver\u00e1 a ofrecer una charla-encuentro en El Port\u00f3n con el presentador de Canal 24 Horas de TVE, Mois\u00e9s Rodr\u00edguez (d\u00eda 4\/12)<br><br>La exposici\u00f3n podr\u00e1 visitarse desde el 3 de diciembre hasta el 30 de enero. <br><br>Por otro lado, el 4 de diciembre a partir de las doce de la ma\u00f1ana tendr\u00e1 lugar una charla con Manolo Garc\u00eda, en la que moderar\u00e1 el presentador del Canal 24 Horas de TVE, Mois\u00e9s Rodr\u00edguez. En este encuentro, el artista hablar\u00e1 sobre su trayectoria no solo musical, sino tambi\u00e9n art\u00edstica y literaria. De hecho, hablar\u00e1 de su nuevo libro y se pondr\u00e1 a disposici\u00f3n de los asistentes la venta del ejemplar para que puedan adquirirlo. Las invitaciones para acudir al evento se podr\u00e1n adquirir a trav\u00e9s de la plataforma <a rel=\"noreferrer noopener\" href=\"https:\/\/l.facebook.com\/l.php?u=https%3A%2F%2Fwww.mientrada.net%2F%3Ffbclid%3DIwAR3edlAk21C86aY5vHiM1Gei9reEusMAQZiNx48pv-y4tvqISd7IddLS-LQ&amp;h=AT2bmceiQe4ck8VBhrl5mACAt89CqqzZ_1LUr3wS4WP2oCZ06nuwf5Ob7zamZ_rI8tk6t6144Nl9Syg8lEhHW1dj_PHExOfGBN2G0FiCVo49OrhMtp7fd6KvOHDE_Rb9wQ&amp;__tn__=-UK-R&amp;c[0]=AT2gj3CCcgSUu3eeD8k3KQNxfy__YZlfUr2Y5JpkA2Eidcsf889cuUCcwPE5Zis956MR6WyZ1HXjQb7BZe9ffcM34EuJ70B6tZsfJkb9qlelHDgqaqu7wmkN_jF4aKbyEiuoGhY1I2u4dBQtsws04zjayIXIt_6iwkNG-Vdf521AL_0irXwE0wQxjo9Qkd48FZVVxS4\" target=\"_blank\">https:\/\/www.mientrada.net\/<\/a> o en La Finca Municipal El Port\u00f3n.<\/p>\n","protected":false},"excerpt":{"rendered":"<p>El polifac\u00e9tico artista y m\u00fasico ha elegido nuestro municipio para presentar en exclusiva, en toda Andaluc\u00eda, su muestra \u2018Cuerpos Celestes\u2019 (d\u00eda 3\/12) y volver\u00e1 a ofrecer una charla-encuentro en El Port\u00f3n con el presentador de Canal 24 Horas de TVE, Mois\u00e9s Rodr\u00edguez (d\u00eda 4\/12) La exposici\u00f3n podr\u00e1 visitarse desde el 3 de diciembre hasta el<a class=\"moretag\" href=\"https:\/\/www.manologarciaycia.com\/?p=22066\" title=\"Manolo Garc\u00eda, protagonista del puente de diciembre en Alhaur\u00edn de la Torre\" target=\"_self\" rel=\"follow\"> <font face=arial size=2>[Leer m\u00e1s]<\/font> <\/a><\/p>\n","protected":false},"author":2,"featured_media":22067,"comment_status":"closed","ping_status":"closed","sticky":false,"template":"","format":"standard","meta":{"footnotes":""},"categories":[1],"tags":[],"class_list":["post-22066","post","type-post","status-publish","format-standard","has-post-thumbnail","hentry","category-manolo-garcia"],"_links":{"self":[{"href":"https:\/\/www.manologarciaycia.com\/index.php?rest_route=\/wp\/v2\/posts\/22066","targetHints":{"allow":["GET"]}}],"collection":[{"href":"https:\/\/www.manologarciaycia.com\/index.php?rest_route=\/wp\/v2\/posts"}],"about":[{"href":"https:\/\/www.manologarciaycia.com\/index.php?rest_route=\/wp\/v2\/types\/post"}],"author":[{"embeddable":true,"href":"https:\/\/www.manologarciaycia.com\/index.php?rest_route=\/wp\/v2\/users\/2"}],"replies":[{"embeddable":true,"href":"https:\/\/www.manologarciaycia.com\/index.php?rest_route=%2Fwp%2Fv2%2Fcomments&post=22066"}],"version-history":[{"count":1,"href":"https:\/\/www.manologarciaycia.com\/index.php?rest_route=\/wp\/v2\/posts\/22066\/revisions"}],"predecessor-version":[{"id":22068,"href":"https:\/\/www.manologarciaycia.com\/index.php?rest_route=\/wp\/v2\/posts\/22066\/revisions\/22068"}],"wp:featuredmedia":[{"embeddable":true,"href":"https:\/\/www.manologarciaycia.com\/index.php?rest_route=\/wp\/v2\/media\/22067"}],"wp:attachment":[{"href":"https:\/\/www.manologarciaycia.com\/index.php?rest_route=%2Fwp%2Fv2%2Fmedia&parent=22066"}],"wp:term":[{"taxonomy":"category","embeddable":true,"href":"https:\/\/www.manologarciaycia.com\/index.php?rest_route=%2Fwp%2Fv2%2Fcategories&post=22066"},{"taxonomy":"post_tag","embeddable":true,"href":"https:\/\/www.manologarciaycia.com\/index.php?rest_route=%2Fwp%2Fv2%2Ftags&post=22066"}],"curies":[{"name":"wp","href":"https:\/\/api.w.org\/{rel}","templated":true}]}}