{"id":22055,"date":"2021-11-07T11:49:45","date_gmt":"2021-11-07T10:49:45","guid":{"rendered":"https:\/\/www.manologarciaycia.com\/?p=22055"},"modified":"2021-11-07T11:49:49","modified_gmt":"2021-11-07T10:49:49","slug":"desde-que-no-nos-vemos-los-secretos-a-la-venta-el-19-11-21","status":"publish","type":"post","link":"https:\/\/www.manologarciaycia.com\/?p=22055","title":{"rendered":"\u00abDesde que no nos vemos\u00bb, Los Secretos a la venta el 19\/11\/21"},"content":{"rendered":"\n<p>El pr\u00f3ximo 19 de noviembre saldr\u00e1 a la venta \u00abDesde que no nos vemos\u00bb, un disco homenaje por el vig\u00e9simo aniversario del fallecimiento de Enrique Urquijo, donde aparecen las colaboraciones con artistas como Manolo Garc\u00eda, Amaral, Rozal\u00e9n o Miguel R\u00edos entre otros. Grabado del concierto que se celebr\u00f3 el 17 de noviembre de 2019 en el Wizink Center de Madrid. En CD + DVD.<\/p>\n\n\n\n<p>Manolo Garc\u00eda canta \u00abLa Calle del Olvido\u00bb junto Los Secretos.<\/p>\n","protected":false},"excerpt":{"rendered":"<p>El pr\u00f3ximo 19 de noviembre saldr\u00e1 a la venta \u00abDesde que no nos vemos\u00bb, un disco homenaje por el vig\u00e9simo aniversario del fallecimiento de Enrique Urquijo, donde aparecen las colaboraciones con artistas como Manolo Garc\u00eda, Amaral, Rozal\u00e9n o Miguel R\u00edos entre otros. Grabado del concierto que se celebr\u00f3 el 17 de noviembre de 2019 en<a class=\"moretag\" href=\"https:\/\/www.manologarciaycia.com\/?p=22055\" title=\"\u00abDesde que no nos vemos\u00bb, Los Secretos a la venta el 19\/11\/21\" target=\"_self\" rel=\"follow\"> <font face=arial size=2>[Leer m\u00e1s]<\/font> <\/a><\/p>\n","protected":false},"author":2,"featured_media":22056,"comment_status":"closed","ping_status":"closed","sticky":false,"template":"","format":"standard","meta":{"footnotes":""},"categories":[1],"tags":[],"class_list":["post-22055","post","type-post","status-publish","format-standard","has-post-thumbnail","hentry","category-manolo-garcia"],"_links":{"self":[{"href":"https:\/\/www.manologarciaycia.com\/index.php?rest_route=\/wp\/v2\/posts\/22055","targetHints":{"allow":["GET"]}}],"collection":[{"href":"https:\/\/www.manologarciaycia.com\/index.php?rest_route=\/wp\/v2\/posts"}],"about":[{"href":"https:\/\/www.manologarciaycia.com\/index.php?rest_route=\/wp\/v2\/types\/post"}],"author":[{"embeddable":true,"href":"https:\/\/www.manologarciaycia.com\/index.php?rest_route=\/wp\/v2\/users\/2"}],"replies":[{"embeddable":true,"href":"https:\/\/www.manologarciaycia.com\/index.php?rest_route=%2Fwp%2Fv2%2Fcomments&post=22055"}],"version-history":[{"count":1,"href":"https:\/\/www.manologarciaycia.com\/index.php?rest_route=\/wp\/v2\/posts\/22055\/revisions"}],"predecessor-version":[{"id":22057,"href":"https:\/\/www.manologarciaycia.com\/index.php?rest_route=\/wp\/v2\/posts\/22055\/revisions\/22057"}],"wp:featuredmedia":[{"embeddable":true,"href":"https:\/\/www.manologarciaycia.com\/index.php?rest_route=\/wp\/v2\/media\/22056"}],"wp:attachment":[{"href":"https:\/\/www.manologarciaycia.com\/index.php?rest_route=%2Fwp%2Fv2%2Fmedia&parent=22055"}],"wp:term":[{"taxonomy":"category","embeddable":true,"href":"https:\/\/www.manologarciaycia.com\/index.php?rest_route=%2Fwp%2Fv2%2Fcategories&post=22055"},{"taxonomy":"post_tag","embeddable":true,"href":"https:\/\/www.manologarciaycia.com\/index.php?rest_route=%2Fwp%2Fv2%2Ftags&post=22055"}],"curies":[{"name":"wp","href":"https:\/\/api.w.org\/{rel}","templated":true}]}}