{"id":22052,"date":"2021-11-06T10:55:21","date_gmt":"2021-11-06T09:55:21","guid":{"rendered":"https:\/\/www.manologarciaycia.com\/?p=22052"},"modified":"2021-11-06T10:55:26","modified_gmt":"2021-11-06T09:55:26","slug":"el-legado-de-urquijo","status":"publish","type":"post","link":"https:\/\/www.manologarciaycia.com\/?p=22052","title":{"rendered":"El legado de Urquijo"},"content":{"rendered":"\n<p>&#8216;Imprescindibles&#8217; recuerda a Enrique Urquijo en &#8216;Volver a ser un ni\u00f1o&#8217;. Los Secretos, Manolo Garc\u00eda, David Summers, Quique Gonz\u00e1lez, Rozal\u00e9n o Andr\u00e9s Su\u00e1rez analizan sus letras y melod\u00edas<br><br>#IMPurquijo, domingo 7 de noviembre a las 21:30 horas en La 2<br><br>Fuente: Rtve &#8211; Enlace: <a rel=\"noreferrer noopener\" href=\"https:\/\/www.rtve.es\/rtve\/20211105\/imprescindibles-recuerda-enrique-urquijo-volver-ser-nino\/2215861.shtml\" target=\"_blank\">https:\/\/www.rtve.es\/rtve\/20211105\/imprescindibles-recuerda-enrique-urquijo-volver-ser-nino\/2215861.shtml<\/a><\/p>\n","protected":false},"excerpt":{"rendered":"<p>&#8216;Imprescindibles&#8217; recuerda a Enrique Urquijo en &#8216;Volver a ser un ni\u00f1o&#8217;. Los Secretos, Manolo Garc\u00eda, David Summers, Quique Gonz\u00e1lez, Rozal\u00e9n o Andr\u00e9s Su\u00e1rez analizan sus letras y melod\u00edas #IMPurquijo, domingo 7 de noviembre a las 21:30 horas en La 2 Fuente: Rtve &#8211; Enlace: https:\/\/www.rtve.es\/rtve\/20211105\/imprescindibles-recuerda-enrique-urquijo-volver-ser-nino\/2215861.shtml<a class=\"moretag\" href=\"https:\/\/www.manologarciaycia.com\/?p=22052\" title=\"El legado de Urquijo\" target=\"_self\" rel=\"follow\"> <font face=arial size=2>[Leer m\u00e1s]<\/font> <\/a><\/p>\n","protected":false},"author":2,"featured_media":22053,"comment_status":"closed","ping_status":"closed","sticky":false,"template":"","format":"standard","meta":{"footnotes":""},"categories":[1],"tags":[],"class_list":["post-22052","post","type-post","status-publish","format-standard","has-post-thumbnail","hentry","category-manolo-garcia"],"_links":{"self":[{"href":"https:\/\/www.manologarciaycia.com\/index.php?rest_route=\/wp\/v2\/posts\/22052","targetHints":{"allow":["GET"]}}],"collection":[{"href":"https:\/\/www.manologarciaycia.com\/index.php?rest_route=\/wp\/v2\/posts"}],"about":[{"href":"https:\/\/www.manologarciaycia.com\/index.php?rest_route=\/wp\/v2\/types\/post"}],"author":[{"embeddable":true,"href":"https:\/\/www.manologarciaycia.com\/index.php?rest_route=\/wp\/v2\/users\/2"}],"replies":[{"embeddable":true,"href":"https:\/\/www.manologarciaycia.com\/index.php?rest_route=%2Fwp%2Fv2%2Fcomments&post=22052"}],"version-history":[{"count":1,"href":"https:\/\/www.manologarciaycia.com\/index.php?rest_route=\/wp\/v2\/posts\/22052\/revisions"}],"predecessor-version":[{"id":22054,"href":"https:\/\/www.manologarciaycia.com\/index.php?rest_route=\/wp\/v2\/posts\/22052\/revisions\/22054"}],"wp:featuredmedia":[{"embeddable":true,"href":"https:\/\/www.manologarciaycia.com\/index.php?rest_route=\/wp\/v2\/media\/22053"}],"wp:attachment":[{"href":"https:\/\/www.manologarciaycia.com\/index.php?rest_route=%2Fwp%2Fv2%2Fmedia&parent=22052"}],"wp:term":[{"taxonomy":"category","embeddable":true,"href":"https:\/\/www.manologarciaycia.com\/index.php?rest_route=%2Fwp%2Fv2%2Fcategories&post=22052"},{"taxonomy":"post_tag","embeddable":true,"href":"https:\/\/www.manologarciaycia.com\/index.php?rest_route=%2Fwp%2Fv2%2Ftags&post=22052"}],"curies":[{"name":"wp","href":"https:\/\/api.w.org\/{rel}","templated":true}]}}