{"id":22038,"date":"2021-10-11T16:11:39","date_gmt":"2021-10-11T14:11:39","guid":{"rendered":"https:\/\/www.manologarciaycia.com\/?p=22038"},"modified":"2021-10-11T16:11:43","modified_gmt":"2021-10-11T14:11:43","slug":"quereis-visitar-en-el-botanic-la-expo-cuerpos-celestes-de-la-mano-del-propio-manolo-garcia","status":"publish","type":"post","link":"https:\/\/www.manologarciaycia.com\/?p=22038","title":{"rendered":"\u00bfQuer\u00e9is visitar en el Bot\u00e0nic la expo &#8216;Cuerpos Celestes&#8217; de la mano del propio Manolo Garc\u00eda?"},"content":{"rendered":"\n<p>\u00bfQuer\u00e9is visitar en el Bot\u00e0nic la expo &#8216;Cuerpos Celestes&#8217; de la mano del propio Manolo Garc\u00eda, el pr\u00f3ximo viernes 15 de octubre? <\/p>\n\n\n\n<p>Para participar, ten\u00e9is que reservar plaza escribiendo a cicbotanic@uv.es con vuestro nombre y apellidos y la hora de<br>preferencia (17 o 18 h). \u00a1Plazas limitadas!<br><br><\/p>\n\n\n\n<p>Habr\u00e1 una visita a las 17 h y otra a las 18 h. Recordad que llevar mascarilla y respetar la distancia de seguridad ser\u00e1 obligatorio durante toda la visita.<\/p>\n\n\n\n<p>M\u00e1s informaci\u00f3n sobre la exposici\u00f3n aqu\u00ed:&nbsp;<a href=\"https:\/\/ir.uv.es\/amsV3qX?fbclid=IwAR0PzK4w93KFCb3keeDyiWA6xmYQEMKEmoyQ6M7Cys37THP_7AkONUsxdbg\" target=\"_blank\" rel=\"noreferrer noopener\">https:\/\/ir.uv.es\/amsV3qX<\/a><a href=\"https:\/\/business.facebook.com\/jardibotanicuv\/photos\/pcb.4839499072736212\/4839495292736590\/?type=3&amp;__tn__=HH-R&amp;eid=ARBLMebltb-S31F6uLCazh8MEm6paTuTXPptBl-E1i801H7_OsoBtZ-nWNeevQOQa-VJfTuByoGXsvHj&amp;__xts__%5B0%5D=68.ARDWFDzJ6_asE-1axM788TT0mkyDLiVbjiztJkpfrbD5rmXb4IlxOcqdMNOEud9ZuT7VU-lIrUWuBohQ01s8xN1M__mLF38vf9TnbZJA4nHyiPWy5lSEeEaReytJPe4ypaoZSJ9LyYqCZMXpGEuIHqOqEMPjBtpRg5u6NkNLqrShoP_XuWZ3O29wj0zqEXn4gGJyvSAKukuSzvleaNAPNEjcmOhnYg0eU4nmnSdNOmuiS8WoMqVGVorw7FWXvhL_IvKXGoSoCoGi8P394pMQcK4z8C8LXTIXhbTeaAFb1gPxHVy9jNPE74z8QYL700ymUSzijLTDVNk2dzJuPGd0EsQdqOut0GO-d1PcjxAY12K_04inmy-3ENTs4x-aOH__w2ifHMKs1Y1vn2gimIIRHT0QuTFe\"><\/a><\/p>\n","protected":false},"excerpt":{"rendered":"<p>\u00bfQuer\u00e9is visitar en el Bot\u00e0nic la expo &#8216;Cuerpos Celestes&#8217; de la mano del propio Manolo Garc\u00eda, el pr\u00f3ximo viernes 15 de octubre? Para participar, ten\u00e9is que reservar plaza escribiendo a cicbotanic@uv.es con vuestro nombre y apellidos y la hora depreferencia (17 o 18 h). \u00a1Plazas limitadas! Habr\u00e1 una visita a las 17 h y otra<a class=\"moretag\" href=\"https:\/\/www.manologarciaycia.com\/?p=22038\" title=\"\u00bfQuer\u00e9is visitar en el Bot\u00e0nic la expo &#8216;Cuerpos Celestes&#8217; de la mano del propio Manolo Garc\u00eda?\" target=\"_self\" rel=\"follow\"> <font face=arial size=2>[Leer m\u00e1s]<\/font> <\/a><\/p>\n","protected":false},"author":2,"featured_media":22039,"comment_status":"closed","ping_status":"closed","sticky":false,"template":"","format":"standard","meta":{"footnotes":""},"categories":[1],"tags":[],"class_list":["post-22038","post","type-post","status-publish","format-standard","has-post-thumbnail","hentry","category-manolo-garcia"],"_links":{"self":[{"href":"https:\/\/www.manologarciaycia.com\/index.php?rest_route=\/wp\/v2\/posts\/22038","targetHints":{"allow":["GET"]}}],"collection":[{"href":"https:\/\/www.manologarciaycia.com\/index.php?rest_route=\/wp\/v2\/posts"}],"about":[{"href":"https:\/\/www.manologarciaycia.com\/index.php?rest_route=\/wp\/v2\/types\/post"}],"author":[{"embeddable":true,"href":"https:\/\/www.manologarciaycia.com\/index.php?rest_route=\/wp\/v2\/users\/2"}],"replies":[{"embeddable":true,"href":"https:\/\/www.manologarciaycia.com\/index.php?rest_route=%2Fwp%2Fv2%2Fcomments&post=22038"}],"version-history":[{"count":1,"href":"https:\/\/www.manologarciaycia.com\/index.php?rest_route=\/wp\/v2\/posts\/22038\/revisions"}],"predecessor-version":[{"id":22040,"href":"https:\/\/www.manologarciaycia.com\/index.php?rest_route=\/wp\/v2\/posts\/22038\/revisions\/22040"}],"wp:featuredmedia":[{"embeddable":true,"href":"https:\/\/www.manologarciaycia.com\/index.php?rest_route=\/wp\/v2\/media\/22039"}],"wp:attachment":[{"href":"https:\/\/www.manologarciaycia.com\/index.php?rest_route=%2Fwp%2Fv2%2Fmedia&parent=22038"}],"wp:term":[{"taxonomy":"category","embeddable":true,"href":"https:\/\/www.manologarciaycia.com\/index.php?rest_route=%2Fwp%2Fv2%2Fcategories&post=22038"},{"taxonomy":"post_tag","embeddable":true,"href":"https:\/\/www.manologarciaycia.com\/index.php?rest_route=%2Fwp%2Fv2%2Ftags&post=22038"}],"curies":[{"name":"wp","href":"https:\/\/api.w.org\/{rel}","templated":true}]}}