{"id":22034,"date":"2021-10-08T11:48:52","date_gmt":"2021-10-08T09:48:52","guid":{"rendered":"https:\/\/www.manologarciaycia.com\/?p=22034"},"modified":"2021-10-08T11:48:56","modified_gmt":"2021-10-08T09:48:56","slug":"manolo-garcia-diego-martin-y-goyo-jimenez-acercan-la-cultura-a-los-campus-de-la-universitat-a-traves-del-festival-cultuviva","status":"publish","type":"post","link":"https:\/\/www.manologarciaycia.com\/?p=22034","title":{"rendered":"Manolo Garc\u00eda, Diego Mart\u00edn y Goyo Jim\u00e9nez acercan la cultura a los campus de la Universitat a trav\u00e9s del Festival CULTUVIVA"},"content":{"rendered":"\n<p>La Universitat de Val\u00e8ncia, a trav\u00e9s del Vicerectorat de Cultura y el Servei de Cultura Universit\u00e0ria, organiza CULTUVIVA, un festival en el marco del programa \u2018Cultura als Campus\u2019, que pretende acercar la cultura al alumnado y a la sociedad valenciana desde una perspectiva plural y equitativa. La propuesta trata de compartir las experiencias y testimonios de personajes relevantes de la cultura a los m\u00e1s j\u00f3venes, a trav\u00e9s de conferencias, conciertos, lecturas po\u00e9ticas o exposiciones. El programa de las distintas actividades se desarrollar\u00e1 durante los d\u00edas 14 y 15 de octubre en los diferentes campus de la Universitat de Val\u00e8ncia.<\/p>\n\n\n\n<p>La inauguraci\u00f3n del festival se llevar\u00e1 a cabo el jueves, d\u00eda 14 de octubre, a las 18 horas, a cargo de la vicerrectora de Cultura y Deporte, Ester Alba, y la directora del Servei de Cultura Universit\u00e0ria, Adela Cortijo, en el Centre Cultural La Nau de la Universitat de Val\u00e8ncia (Capella de la Sapi\u00e8ncia). A continuaci\u00f3n, el compositor y artista Manolo Garc\u00eda impartir\u00e1 la conferencia inaugural bajo el t\u00edtulo \u2018La cultura que nos salva\u2019. En la charla, Manolo Garc\u00eda tratar\u00e1 de dar una visi\u00f3n muy personal de c\u00f3mo la cultura debe arraigar en la gente joven; leer\u00e1 algunos poemas de su libro de poes\u00eda El fin del Principio, y hablar\u00e1 acerca de su exposici\u00f3n pict\u00f3rica Cuerpos celestes, que se puede visitar hasta el pr\u00f3ximo 14 de noviembre en el Jard\u00ed Bot\u00e0nic de la Universitat de Val\u00e8ncia (Sala Hort de Tramoieres).<\/p>\n\n\n\n<p>La segunda actividad de este festival estar\u00e1 protagonizada por el cantante y actor Diego Mart\u00edn, compositor de \u00e9xitos tan importantes como D\u00e9jame verte o Yo que lo hice por cantar, que ofrecer\u00e1 un concierto en el Campus de Burjassot (sala Charles Darwin), el jueves 14 de octubre, a las 20.30 horas.<\/p>\n\n\n\n<p>El festival se reanudar\u00e1 el viernes, 15 de octubre, con la conferencia \u2018Crear, representar, actuar\u2019 impartida por el actor, cantante, productor y director Fran Perea. En su intervenci\u00f3n, que se celebrar\u00e1 en Campus dels Tarongers (Aula Pb-04, a las 11.30 horas), el actor, que salt\u00f3 a la fama por su papel de Marcos, en \u2018Los Serranos\u2019 compartir\u00e1 su visi\u00f3n de c\u00f3mo se vive la cultura desde el otro lado del escenario.<\/p>\n\n\n\n<p>A las 12 horas, la jornada proseguir\u00e1 con la sesi\u00f3n \u2018Con la cultura vs contra la cultura: estrategias de desarrollo social\u2019, en la que intervendr\u00e1n Remedios S\u00e1nchez, profesora de la Universidad de Granada y vicepresidenta de la Asociaci\u00f3n Colegial de Escritores de Espa\u00f1a; la poeta Raquel Lanseros, Premio Nacional de la Cr\u00edtica (2018), y Manuel Vilas, finalista del Premio Planeta, que intervendr\u00e1 online.<\/p>\n\n\n\n<p>Al concluir esta mesa (13:30 horas), el profesor y director de este festival, Sergio Arlandis, presentar\u00e1 al catedr\u00e1tico y director del Instituto Cervantes Luis Garc\u00eda Montero, que hablar\u00e1 sobre las relaciones entre juventud y cultura. Y a continuaci\u00f3n, a las 14 horas, tertulia con el cantante y actor Diego Mart\u00edn, que har\u00e1 un recorrido por sus experiencias de su trayectoria profesional.<\/p>\n\n\n\n<p>Simult\u00e1neamente, a las 12 horas, y en el Campus Blasco Ib\u00e1\u00f1ez (Aula Magna de la Facultad de Filosof\u00eda y Ciencias de la Educaci\u00f3n) se llevar\u00e1 a cabo una conferencia acerca de medios de comunicaci\u00f3n y cultura, que reunir\u00e1 al catedr\u00e1tico Vicente Garrido junto con la presentadora y directora del programa Femenino Singular de Radio Marca, Natalia Freire y diversos periodistas: Por la tarde (16:30 horas), en este mismo espacio, la poes\u00eda tendr\u00e1 un espacio en este festival CULTUVIVA, con los poetas Raquel Lanseros, Begonya Pozo, Josep Ballester y Jaime Siles. &nbsp;<\/p>\n\n\n\n<p>El Aula Magna de la Facultad de Medicina de la Universitat de Val\u00e8ncia acoger\u00e1 la clausura del festival, el viernes a partir de las 18.30 horas, con la conferencia \u2018La cultura cambia la sociedad: el humor como salvaguarda\u2019, a cargo de actor y humorista, Goyo Jim\u00e9nez. El acto estar\u00e1 presentado por el director del festival Sergio Arlandis y los coordinadores de iniciativas culturales en los Campus de la Universitat de Val\u00e8ncia, Noelia Ibarra y Miguel Requena.<\/p>\n\n\n\n<p>Para cumplir con las condiciones de seguridad derivadas de la condici\u00f3n sanitaria, todas las actividades requieren inscripci\u00f3n previa\u00a0<a href=\"http:\/\/events.fundacio.es\/o\/64\">a trav\u00e9s de este enlace<\/a>, porque los aforos son limitados. La entrada al acto es gratuita, a excepci\u00f3n del concierto de Diego Mart\u00edn, con un precio simb\u00f3lico de dos euros.<\/p>\n\n\n\n<p><\/p>\n\n\n\n<p>Fuente: El Peri\u00f3dic &#8211; <a href=\"https:\/\/www.elperiodic.com\/valencia\/manolo-garcia-diego-martin-goyo-jimenez-acercan-cultura-campus-universitat-traves-festival-cultuviva_775533\" data-type=\"URL\" data-id=\"https:\/\/www.elperiodic.com\/valencia\/manolo-garcia-diego-martin-goyo-jimenez-acercan-cultura-campus-universitat-traves-festival-cultuviva_775533\" target=\"_blank\" rel=\"noreferrer noopener\">ENLACE<\/a><\/p>\n","protected":false},"excerpt":{"rendered":"<p>La Universitat de Val\u00e8ncia, a trav\u00e9s del Vicerectorat de Cultura y el Servei de Cultura Universit\u00e0ria, organiza CULTUVIVA, un festival en el marco del programa \u2018Cultura als Campus\u2019, que pretende acercar la cultura al alumnado y a la sociedad valenciana desde una perspectiva plural y equitativa. La propuesta trata de compartir las experiencias y testimonios<a class=\"moretag\" href=\"https:\/\/www.manologarciaycia.com\/?p=22034\" title=\"Manolo Garc\u00eda, Diego Mart\u00edn y Goyo Jim\u00e9nez acercan la cultura a los campus de la Universitat a trav\u00e9s del Festival CULTUVIVA\" target=\"_self\" rel=\"follow\"> <font face=arial size=2>[Leer m\u00e1s]<\/font> <\/a><\/p>\n","protected":false},"author":2,"featured_media":22035,"comment_status":"closed","ping_status":"closed","sticky":false,"template":"","format":"standard","meta":{"footnotes":""},"categories":[1],"tags":[],"class_list":["post-22034","post","type-post","status-publish","format-standard","has-post-thumbnail","hentry","category-manolo-garcia"],"_links":{"self":[{"href":"https:\/\/www.manologarciaycia.com\/index.php?rest_route=\/wp\/v2\/posts\/22034","targetHints":{"allow":["GET"]}}],"collection":[{"href":"https:\/\/www.manologarciaycia.com\/index.php?rest_route=\/wp\/v2\/posts"}],"about":[{"href":"https:\/\/www.manologarciaycia.com\/index.php?rest_route=\/wp\/v2\/types\/post"}],"author":[{"embeddable":true,"href":"https:\/\/www.manologarciaycia.com\/index.php?rest_route=\/wp\/v2\/users\/2"}],"replies":[{"embeddable":true,"href":"https:\/\/www.manologarciaycia.com\/index.php?rest_route=%2Fwp%2Fv2%2Fcomments&post=22034"}],"version-history":[{"count":1,"href":"https:\/\/www.manologarciaycia.com\/index.php?rest_route=\/wp\/v2\/posts\/22034\/revisions"}],"predecessor-version":[{"id":22036,"href":"https:\/\/www.manologarciaycia.com\/index.php?rest_route=\/wp\/v2\/posts\/22034\/revisions\/22036"}],"wp:featuredmedia":[{"embeddable":true,"href":"https:\/\/www.manologarciaycia.com\/index.php?rest_route=\/wp\/v2\/media\/22035"}],"wp:attachment":[{"href":"https:\/\/www.manologarciaycia.com\/index.php?rest_route=%2Fwp%2Fv2%2Fmedia&parent=22034"}],"wp:term":[{"taxonomy":"category","embeddable":true,"href":"https:\/\/www.manologarciaycia.com\/index.php?rest_route=%2Fwp%2Fv2%2Fcategories&post=22034"},{"taxonomy":"post_tag","embeddable":true,"href":"https:\/\/www.manologarciaycia.com\/index.php?rest_route=%2Fwp%2Fv2%2Ftags&post=22034"}],"curies":[{"name":"wp","href":"https:\/\/api.w.org\/{rel}","templated":true}]}}