{"id":22031,"date":"2021-10-05T12:34:48","date_gmt":"2021-10-05T10:34:48","guid":{"rendered":"https:\/\/www.manologarciaycia.com\/?p=22031"},"modified":"2021-10-05T12:35:48","modified_gmt":"2021-10-05T10:35:48","slug":"manolo-garcia-expone-su-obra-en-el-jardin-botanico-de-valencia","status":"publish","type":"post","link":"https:\/\/www.manologarciaycia.com\/?p=22031","title":{"rendered":"Manolo Garc\u00eda expone su obra en el Jard\u00edn Bot\u00e1nico de Valencia"},"content":{"rendered":"\n<p>El Jard\u00edn Bot\u00e1nico de Valencia ha inaugurado la exposici\u00f3n &#8216;Cuerpos Celestes&#8217; de Manolo Garc\u00eda. El artista es m\u00e1s conocido por su faceta musical&#8230;<br><\/p>\n\n\n\n<p>Fuente: RTVE Informatiu Comunitat Valenciana<\/p>\n","protected":false},"excerpt":{"rendered":"<p>El Jard\u00edn Bot\u00e1nico de Valencia ha inaugurado la exposici\u00f3n &#8216;Cuerpos Celestes&#8217; de Manolo Garc\u00eda. El artista es m\u00e1s conocido por su faceta musical&#8230; Fuente: RTVE Informatiu Comunitat Valenciana<a class=\"moretag\" href=\"https:\/\/www.manologarciaycia.com\/?p=22031\" title=\"Manolo Garc\u00eda expone su obra en el Jard\u00edn Bot\u00e1nico de Valencia\" target=\"_self\" rel=\"follow\"> <font face=arial size=2>[Leer m\u00e1s]<\/font> <\/a><\/p>\n","protected":false},"author":2,"featured_media":0,"comment_status":"closed","ping_status":"closed","sticky":false,"template":"","format":"video","meta":{"footnotes":""},"categories":[1],"tags":[],"class_list":["post-22031","post","type-post","status-publish","format-video","hentry","category-manolo-garcia","post_format-post-format-video"],"_links":{"self":[{"href":"https:\/\/www.manologarciaycia.com\/index.php?rest_route=\/wp\/v2\/posts\/22031","targetHints":{"allow":["GET"]}}],"collection":[{"href":"https:\/\/www.manologarciaycia.com\/index.php?rest_route=\/wp\/v2\/posts"}],"about":[{"href":"https:\/\/www.manologarciaycia.com\/index.php?rest_route=\/wp\/v2\/types\/post"}],"author":[{"embeddable":true,"href":"https:\/\/www.manologarciaycia.com\/index.php?rest_route=\/wp\/v2\/users\/2"}],"replies":[{"embeddable":true,"href":"https:\/\/www.manologarciaycia.com\/index.php?rest_route=%2Fwp%2Fv2%2Fcomments&post=22031"}],"version-history":[{"count":1,"href":"https:\/\/www.manologarciaycia.com\/index.php?rest_route=\/wp\/v2\/posts\/22031\/revisions"}],"predecessor-version":[{"id":22033,"href":"https:\/\/www.manologarciaycia.com\/index.php?rest_route=\/wp\/v2\/posts\/22031\/revisions\/22033"}],"wp:attachment":[{"href":"https:\/\/www.manologarciaycia.com\/index.php?rest_route=%2Fwp%2Fv2%2Fmedia&parent=22031"}],"wp:term":[{"taxonomy":"category","embeddable":true,"href":"https:\/\/www.manologarciaycia.com\/index.php?rest_route=%2Fwp%2Fv2%2Fcategories&post=22031"},{"taxonomy":"post_tag","embeddable":true,"href":"https:\/\/www.manologarciaycia.com\/index.php?rest_route=%2Fwp%2Fv2%2Ftags&post=22031"}],"curies":[{"name":"wp","href":"https:\/\/api.w.org\/{rel}","templated":true}]}}