{"id":21924,"date":"2021-07-26T11:42:55","date_gmt":"2021-07-26T09:42:55","guid":{"rendered":"https:\/\/www.manologarciaycia.com\/?p=21924"},"modified":"2021-07-26T11:45:07","modified_gmt":"2021-07-26T09:45:07","slug":"aviones-plateados-el-ultimo-de-la-fila-directo-sevilla-1995","status":"publish","type":"post","link":"https:\/\/www.manologarciaycia.com\/?p=21924","title":{"rendered":"Aviones Plateados, El \u00daltimo de la Fila, directo Sevilla 1995"},"content":{"rendered":"\n<p>Aviones Plateados, El \u00daltimo de la Fila, en directo en el Auditorio de la Cartuja, Sevilla, el 5 de Octubre de 1995.<\/p>\n\n\n\n<p>\u00abVeo tu casa desde mi balc\u00f3n<\/p>\n\n\n\n<p>Chimeneas y tu ropa al Sol<br>Aviones plateados<br>Rozando los tejados<br>Vestido y en la cama<br>Vigilo tu ventana<\/p>\n\n\n\n<p>Miro libros de pintura que rob\u00e9<br>No tengo hambre hoy no comer\u00e9<br>No s\u00e9 de qu\u00e9 me quejo<br>Ya tengo lo que quiero<br>Soy libre ante el espejo<br>No salgo ahora que puedo<\/p>\n\n\n\n<p>Y t\u00fa siempre dices que soy<br>Un alma del averno<br>Tendr\u00e9 que darte la raz\u00f3n<br>Quiz\u00e1 sea cierto<\/p>\n\n\n\n<p>Siempre suelo querer<br>Lo que no tengo<br>Y ahora que ya no est\u00e1s aqu\u00ed<br>Me voy consumiendo<\/p>\n\n\n\n<p>Ropa sucia, cuadros que he pintado<br>Discos viejos, to por ah\u00ed tirado<br>M\u00e1s vale quince d\u00edas<br>No me levantar\u00eda<br>Desorden en campa\u00f1a<br>Ahora s\u00e9 qu\u00e9 me enga\u00f1a<\/p>\n\n\n\n<p>Credenciales de posesi\u00f3n<br>Qu\u00e9 tonter\u00eda<br>Estos celos me han abrazao<br>No s\u00e9 qu\u00e9 me cre\u00eda<\/p>\n\n\n\n<p>Y yo que dec\u00eda por fin<br>Ahora la tengo<br>Y ya estaba vuelta de to<br>A ver si aprendo<\/p>\n\n\n\n<p>Y tu carta me confundi\u00f3<br>Ahora lo entiendo<br>Tu mirada me lo advirti\u00f3<br>Tu \u00abjam\u00e1s vuelvo\u00bb \u00ab<\/p>\n\n\n\n<p>Con Manolo Garc\u00eda, Quimi Portet, Antonio Fidel, Nacho Lesko, Juan Carlos Garcia, Josep Llu\u00eds P\u00e9rez y Pedro Javier Gonz\u00e1lez<\/p>\n","protected":false},"excerpt":{"rendered":"<p>Aviones Plateados, El \u00daltimo de la Fila, en directo en el Auditorio de la Cartuja, Sevilla, el 5 de Octubre de 1995. \u00abVeo tu casa desde mi balc\u00f3n Chimeneas y tu ropa al SolAviones plateadosRozando los tejadosVestido y en la camaVigilo tu ventana Miro libros de pintura que rob\u00e9No tengo hambre hoy no comer\u00e9No s\u00e9<a class=\"moretag\" href=\"https:\/\/www.manologarciaycia.com\/?p=21924\" title=\"Aviones Plateados, El \u00daltimo de la Fila, directo Sevilla 1995\" target=\"_self\" rel=\"follow\"> <font face=arial size=2>[Leer m\u00e1s]<\/font> <\/a><\/p>\n","protected":false},"author":2,"featured_media":0,"comment_status":"closed","ping_status":"closed","sticky":false,"template":"","format":"video","meta":{"footnotes":""},"categories":[1],"tags":[],"class_list":["post-21924","post","type-post","status-publish","format-video","hentry","category-manolo-garcia","post_format-post-format-video"],"_links":{"self":[{"href":"https:\/\/www.manologarciaycia.com\/index.php?rest_route=\/wp\/v2\/posts\/21924","targetHints":{"allow":["GET"]}}],"collection":[{"href":"https:\/\/www.manologarciaycia.com\/index.php?rest_route=\/wp\/v2\/posts"}],"about":[{"href":"https:\/\/www.manologarciaycia.com\/index.php?rest_route=\/wp\/v2\/types\/post"}],"author":[{"embeddable":true,"href":"https:\/\/www.manologarciaycia.com\/index.php?rest_route=\/wp\/v2\/users\/2"}],"replies":[{"embeddable":true,"href":"https:\/\/www.manologarciaycia.com\/index.php?rest_route=%2Fwp%2Fv2%2Fcomments&post=21924"}],"version-history":[{"count":2,"href":"https:\/\/www.manologarciaycia.com\/index.php?rest_route=\/wp\/v2\/posts\/21924\/revisions"}],"predecessor-version":[{"id":21927,"href":"https:\/\/www.manologarciaycia.com\/index.php?rest_route=\/wp\/v2\/posts\/21924\/revisions\/21927"}],"wp:attachment":[{"href":"https:\/\/www.manologarciaycia.com\/index.php?rest_route=%2Fwp%2Fv2%2Fmedia&parent=21924"}],"wp:term":[{"taxonomy":"category","embeddable":true,"href":"https:\/\/www.manologarciaycia.com\/index.php?rest_route=%2Fwp%2Fv2%2Fcategories&post=21924"},{"taxonomy":"post_tag","embeddable":true,"href":"https:\/\/www.manologarciaycia.com\/index.php?rest_route=%2Fwp%2Fv2%2Ftags&post=21924"}],"curies":[{"name":"wp","href":"https:\/\/api.w.org\/{rel}","templated":true}]}}