{"id":21918,"date":"2021-07-24T11:42:21","date_gmt":"2021-07-24T09:42:21","guid":{"rendered":"https:\/\/www.manologarciaycia.com\/?p=21918"},"modified":"2021-07-24T11:42:25","modified_gmt":"2021-07-24T09:42:25","slug":"hierbas-de-asia-el-ultimo-de-la-fila","status":"publish","type":"post","link":"https:\/\/www.manologarciaycia.com\/?p=21918","title":{"rendered":"Hierbas de Asia. El \u00daltimo de la Fila"},"content":{"rendered":"\n<p>El \u00daltimo de la Fila, en la sala Zeleste de Barcelona, Hierbas de Asia en directo. Marzo de 1993, durante uno de varios concierto consecutivos que Manolo Garc\u00eda y Quimi Portet ofrecieron en la m\u00edtica sala durante dos semanas, presentando su disco Astronom\u00eda Razonable.<\/p>\n\n\n\n<p>Al principio, Manolo hace menci\u00f3n a la gran nevada que cay\u00f3, si no me equivoco el lunes 1 de Marzo de 1993.<\/p>\n\n\n\n<p>\u00abSaber cosas que nadie sabe;<br>errar contigo, &#8216;mareaditos&#8217;.<br>te trajo el viento y te am\u00e9 como un ni\u00f1o.<br>eso no es gran cosa, pero algo hay que escribir.<br>\u00abhierbas de asia\u00bb, de mil aromas;<br>mezclado en ellos, a\u00fan te espero.<br>como un rey de ajedrez, torpe y absurdo,<br>muere otra tarde gris de domingo.<br>todo lo que hago es quererte.<br>He perdido el tiempo hundido en la prosa vil;<br>improbables y benignos regresan los mitos de ayer.<br>he perdido el tiempo que pas\u00e9 lejos de ti.<br>Mientras cae la lluvia, a la luz de una vela,<br>leo tus viejas cartas, mis viejas canciones.<br>sol de inviernos suaves, perdidos para siempre;<br>risas que murieron con el viento helado.<br>vuelve el oscuro animal que hay dentro de m\u00ed<br>a pacer en el radiante azul del ayer;<br>vuelve la canci\u00f3n que nos hizo enamorar<br>y la noche marroqui de tus besos.<br>d\u00e9jame oler en tu piel, todo aquello que perd\u00ed.<br>He perdido el tiempo hundido en la prosa vil;<br>improbables y benignos regresan los mitos de ayer.<br>he perdido el tiempo que pas\u00e9 lejos de ti.<br>Saber cosas que nadie sabe;<br>errar contigo, \u00abmareaditos\u00bb.<br>prosa vil de la vida, sucia eficacia,<br>que los sue\u00f1os te borren locos y libres.\u00bb<\/p>\n","protected":false},"excerpt":{"rendered":"<p>El \u00daltimo de la Fila, en la sala Zeleste de Barcelona, Hierbas de Asia en directo. Marzo de 1993, durante uno de varios concierto consecutivos que Manolo Garc\u00eda y Quimi Portet ofrecieron en la m\u00edtica sala durante dos semanas, presentando su disco Astronom\u00eda Razonable. Al principio, Manolo hace menci\u00f3n a la gran nevada que cay\u00f3,<a class=\"moretag\" href=\"https:\/\/www.manologarciaycia.com\/?p=21918\" title=\"Hierbas de Asia. El \u00daltimo de la Fila\" target=\"_self\" rel=\"follow\"> <font face=arial size=2>[Leer m\u00e1s]<\/font> <\/a><\/p>\n","protected":false},"author":2,"featured_media":0,"comment_status":"closed","ping_status":"closed","sticky":false,"template":"","format":"video","meta":{"footnotes":""},"categories":[1],"tags":[],"class_list":["post-21918","post","type-post","status-publish","format-video","hentry","category-manolo-garcia","post_format-post-format-video"],"_links":{"self":[{"href":"https:\/\/www.manologarciaycia.com\/index.php?rest_route=\/wp\/v2\/posts\/21918","targetHints":{"allow":["GET"]}}],"collection":[{"href":"https:\/\/www.manologarciaycia.com\/index.php?rest_route=\/wp\/v2\/posts"}],"about":[{"href":"https:\/\/www.manologarciaycia.com\/index.php?rest_route=\/wp\/v2\/types\/post"}],"author":[{"embeddable":true,"href":"https:\/\/www.manologarciaycia.com\/index.php?rest_route=\/wp\/v2\/users\/2"}],"replies":[{"embeddable":true,"href":"https:\/\/www.manologarciaycia.com\/index.php?rest_route=%2Fwp%2Fv2%2Fcomments&post=21918"}],"version-history":[{"count":1,"href":"https:\/\/www.manologarciaycia.com\/index.php?rest_route=\/wp\/v2\/posts\/21918\/revisions"}],"predecessor-version":[{"id":21920,"href":"https:\/\/www.manologarciaycia.com\/index.php?rest_route=\/wp\/v2\/posts\/21918\/revisions\/21920"}],"wp:attachment":[{"href":"https:\/\/www.manologarciaycia.com\/index.php?rest_route=%2Fwp%2Fv2%2Fmedia&parent=21918"}],"wp:term":[{"taxonomy":"category","embeddable":true,"href":"https:\/\/www.manologarciaycia.com\/index.php?rest_route=%2Fwp%2Fv2%2Fcategories&post=21918"},{"taxonomy":"post_tag","embeddable":true,"href":"https:\/\/www.manologarciaycia.com\/index.php?rest_route=%2Fwp%2Fv2%2Ftags&post=21918"}],"curies":[{"name":"wp","href":"https:\/\/api.w.org\/{rel}","templated":true}]}}