{"id":21913,"date":"2021-07-16T09:16:21","date_gmt":"2021-07-16T07:16:21","guid":{"rendered":"https:\/\/www.manologarciaycia.com\/?p=21913"},"modified":"2021-07-16T09:16:25","modified_gmt":"2021-07-16T07:16:25","slug":"cuando-yo-quiera-has-de-volver-manolo-garcia","status":"publish","type":"post","link":"https:\/\/www.manologarciaycia.com\/?p=21913","title":{"rendered":"Cuando yo quiera has de volver, Manolo Garc\u00eda"},"content":{"rendered":"\n<p>Manolo Garc\u00eda interpreta el tema de Juan Gabriel \u00abCuando yo quiera has de volver\u00bb en el programa El T\u00edmpano, de Once TV M\u00e9xico, en noviembre de 2010.<\/p>\n\n\n\n<p>\u00abSigue diciendo por ah\u00ed,<br>que ya no volver\u00e1s conmigo,<br>que te olvidaste ya de m\u00ed,<br>que ya no somos ni amigos.<\/p>\n\n\n\n<p>Enga\u00f1a a todos que m\u00e1s da,<br>me importan poco tus mentiras,<br>cuando yo quiera has de volver,<br>cuando yo quiera has de volver,<br>aunque tu digas lo que digas.<\/p>\n\n\n\n<p>Cuando yo quiera has de volver,<br>si todo est\u00e1 en que yo decida,<br>Cuando yo quiera has de volver,<br>p\u00eddele a dios que te lo diga.<\/p>\n\n\n\n<p>Porque aunque trates de olvidar,<br>nunca podr\u00e1s porque tu vida,<br>la tengo toda en mi poder,<br>y si no has vuelto es porque,<br>yo no he querido todav\u00eda.<\/p>\n\n\n\n<p>Cuando yo quiera has de volver,<br>no ser\u00e1s tu quien lo decida,<br>cuando la gana a mi me d\u00e9,<br>tu volver\u00e1s cuando yo diga.<\/p>\n\n\n\n<p>Porque aunque trates de olvidar,<br>nunca podr\u00e1s porque tu vida,<br>la tengo toda en mi poder,<br>y si no has vuelto es porque,<br>yo no he querido todav\u00eda.\u00bb<\/p>\n\n\n\n<p>Subido por El Viajero de Barro, gracias!<\/p>\n","protected":false},"excerpt":{"rendered":"<p>Manolo Garc\u00eda interpreta el tema de Juan Gabriel \u00abCuando yo quiera has de volver\u00bb en el programa El T\u00edmpano, de Once TV M\u00e9xico, en noviembre de 2010. \u00abSigue diciendo por ah\u00ed,que ya no volver\u00e1s conmigo,que te olvidaste ya de m\u00ed,que ya no somos ni amigos. Enga\u00f1a a todos que m\u00e1s da,me importan poco tus mentiras,cuando<a class=\"moretag\" href=\"https:\/\/www.manologarciaycia.com\/?p=21913\" title=\"Cuando yo quiera has de volver, Manolo Garc\u00eda\" target=\"_self\" rel=\"follow\"> <font face=arial size=2>[Leer m\u00e1s]<\/font> <\/a><\/p>\n","protected":false},"author":2,"featured_media":0,"comment_status":"closed","ping_status":"closed","sticky":false,"template":"","format":"video","meta":{"footnotes":""},"categories":[1],"tags":[],"class_list":["post-21913","post","type-post","status-publish","format-video","hentry","category-manolo-garcia","post_format-post-format-video"],"_links":{"self":[{"href":"https:\/\/www.manologarciaycia.com\/index.php?rest_route=\/wp\/v2\/posts\/21913","targetHints":{"allow":["GET"]}}],"collection":[{"href":"https:\/\/www.manologarciaycia.com\/index.php?rest_route=\/wp\/v2\/posts"}],"about":[{"href":"https:\/\/www.manologarciaycia.com\/index.php?rest_route=\/wp\/v2\/types\/post"}],"author":[{"embeddable":true,"href":"https:\/\/www.manologarciaycia.com\/index.php?rest_route=\/wp\/v2\/users\/2"}],"replies":[{"embeddable":true,"href":"https:\/\/www.manologarciaycia.com\/index.php?rest_route=%2Fwp%2Fv2%2Fcomments&post=21913"}],"version-history":[{"count":1,"href":"https:\/\/www.manologarciaycia.com\/index.php?rest_route=\/wp\/v2\/posts\/21913\/revisions"}],"predecessor-version":[{"id":21915,"href":"https:\/\/www.manologarciaycia.com\/index.php?rest_route=\/wp\/v2\/posts\/21913\/revisions\/21915"}],"wp:attachment":[{"href":"https:\/\/www.manologarciaycia.com\/index.php?rest_route=%2Fwp%2Fv2%2Fmedia&parent=21913"}],"wp:term":[{"taxonomy":"category","embeddable":true,"href":"https:\/\/www.manologarciaycia.com\/index.php?rest_route=%2Fwp%2Fv2%2Fcategories&post=21913"},{"taxonomy":"post_tag","embeddable":true,"href":"https:\/\/www.manologarciaycia.com\/index.php?rest_route=%2Fwp%2Fv2%2Ftags&post=21913"}],"curies":[{"name":"wp","href":"https:\/\/api.w.org\/{rel}","templated":true}]}}