{"id":21901,"date":"2021-07-15T09:42:00","date_gmt":"2021-07-15T07:42:00","guid":{"rendered":"https:\/\/www.manologarciaycia.com\/?p=21901"},"modified":"2021-07-16T09:17:14","modified_gmt":"2021-07-16T07:17:14","slug":"manolo-garcia-ayer-en-la-mar-de-letras-cartagena","status":"publish","type":"post","link":"https:\/\/www.manologarciaycia.com\/?p=21901","title":{"rendered":"Manolo Garc\u00eda, ayer en La Mar de Letras (Cartagena)"},"content":{"rendered":"\n<p>Ayer Manolo Garc\u00eda en la Mesa Redonda \u00abCursivas y Corcheas\u00bb de La Mar de Letras, del Festival La Mar de M\u00fasicas de Cartagena. Junto a Antonio Mar\u00edn Albalate, Lara L\u00f3pez, y Jam Albarrac\u00edn<br><\/p>\n\n\n\n<figure class=\"wp-block-gallery columns-3 is-cropped prettyPhoto wp-block-gallery-1 is-layout-flex wp-block-gallery-is-layout-flex\"><ul class=\"blocks-gallery-grid\"><li class=\"blocks-gallery-item\"><figure><a href=\"https:\/\/www.manologarciaycia.com\/wp-content\/uploads\/2021\/07\/MG_LaMardeLetras_Cartagena_20210714_2.jpg\"><img loading=\"lazy\" decoding=\"async\" width=\"640\" height=\"427\" src=\"https:\/\/www.manologarciaycia.com\/wp-content\/uploads\/2021\/07\/MG_LaMardeLetras_Cartagena_20210714_2.jpg\" alt=\"\" data-id=\"21905\" data-full-url=\"https:\/\/www.manologarciaycia.com\/wp-content\/uploads\/2021\/07\/MG_LaMardeLetras_Cartagena_20210714_2.jpg\" data-link=\"https:\/\/www.manologarciaycia.com\/?attachment_id=21905\" class=\"wp-image-21905\" srcset=\"https:\/\/www.manologarciaycia.com\/wp-content\/uploads\/2021\/07\/MG_LaMardeLetras_Cartagena_20210714_2.jpg 640w, https:\/\/www.manologarciaycia.com\/wp-content\/uploads\/2021\/07\/MG_LaMardeLetras_Cartagena_20210714_2-500x334.jpg 500w\" sizes=\"auto, (max-width: 640px) 100vw, 640px\" \/><\/a><\/figure><\/li><li class=\"blocks-gallery-item\"><figure><a href=\"https:\/\/www.manologarciaycia.com\/wp-content\/uploads\/2021\/07\/MG_LaMardeLetras_Cartagena_20210714_3-1.jpg\"><img loading=\"lazy\" decoding=\"async\" width=\"640\" height=\"426\" src=\"https:\/\/www.manologarciaycia.com\/wp-content\/uploads\/2021\/07\/MG_LaMardeLetras_Cartagena_20210714_3-1.jpg\" alt=\"\" data-id=\"21906\" data-full-url=\"https:\/\/www.manologarciaycia.com\/wp-content\/uploads\/2021\/07\/MG_LaMardeLetras_Cartagena_20210714_3-1.jpg\" data-link=\"https:\/\/www.manologarciaycia.com\/?attachment_id=21906\" class=\"wp-image-21906\" srcset=\"https:\/\/www.manologarciaycia.com\/wp-content\/uploads\/2021\/07\/MG_LaMardeLetras_Cartagena_20210714_3-1.jpg 640w, https:\/\/www.manologarciaycia.com\/wp-content\/uploads\/2021\/07\/MG_LaMardeLetras_Cartagena_20210714_3-1-500x333.jpg 500w\" sizes=\"auto, (max-width: 640px) 100vw, 640px\" \/><\/a><\/figure><\/li><li class=\"blocks-gallery-item\"><figure><a href=\"https:\/\/www.manologarciaycia.com\/wp-content\/uploads\/2021\/07\/MG_LaMardeLetras_Cartagena_20210714_4.jpg\"><img loading=\"lazy\" decoding=\"async\" width=\"640\" height=\"427\" src=\"https:\/\/www.manologarciaycia.com\/wp-content\/uploads\/2021\/07\/MG_LaMardeLetras_Cartagena_20210714_4.jpg\" alt=\"\" data-id=\"21907\" data-full-url=\"https:\/\/www.manologarciaycia.com\/wp-content\/uploads\/2021\/07\/MG_LaMardeLetras_Cartagena_20210714_4.jpg\" data-link=\"https:\/\/www.manologarciaycia.com\/?attachment_id=21907\" class=\"wp-image-21907\" srcset=\"https:\/\/www.manologarciaycia.com\/wp-content\/uploads\/2021\/07\/MG_LaMardeLetras_Cartagena_20210714_4.jpg 640w, https:\/\/www.manologarciaycia.com\/wp-content\/uploads\/2021\/07\/MG_LaMardeLetras_Cartagena_20210714_4-500x334.jpg 500w\" sizes=\"auto, (max-width: 640px) 100vw, 640px\" \/><\/a><\/figure><\/li><li class=\"blocks-gallery-item\"><figure><a href=\"https:\/\/www.manologarciaycia.com\/wp-content\/uploads\/2021\/07\/MG_LaMardeLetras_Cartagena_20210714_5.jpg\"><img loading=\"lazy\" decoding=\"async\" width=\"640\" height=\"426\" src=\"https:\/\/www.manologarciaycia.com\/wp-content\/uploads\/2021\/07\/MG_LaMardeLetras_Cartagena_20210714_5.jpg\" alt=\"\" data-id=\"21908\" data-full-url=\"https:\/\/www.manologarciaycia.com\/wp-content\/uploads\/2021\/07\/MG_LaMardeLetras_Cartagena_20210714_5.jpg\" data-link=\"https:\/\/www.manologarciaycia.com\/?attachment_id=21908\" class=\"wp-image-21908\" srcset=\"https:\/\/www.manologarciaycia.com\/wp-content\/uploads\/2021\/07\/MG_LaMardeLetras_Cartagena_20210714_5.jpg 640w, https:\/\/www.manologarciaycia.com\/wp-content\/uploads\/2021\/07\/MG_LaMardeLetras_Cartagena_20210714_5-500x333.jpg 500w\" sizes=\"auto, (max-width: 640px) 100vw, 640px\" \/><\/a><\/figure><\/li><\/ul><\/figure>\n\n\n\n<p>Fotograf\u00edas: La Mar de M\u00fasicas<\/p>\n","protected":false},"excerpt":{"rendered":"<p>Ayer Manolo Garc\u00eda en la Mesa Redonda \u00abCursivas y Corcheas\u00bb de La Mar de Letras, del Festival La Mar de M\u00fasicas de Cartagena. Junto a Antonio Mar\u00edn Albalate, Lara L\u00f3pez, y Jam Albarrac\u00edn Fotograf\u00edas: La Mar de M\u00fasicas<a class=\"moretag\" href=\"https:\/\/www.manologarciaycia.com\/?p=21901\" title=\"Manolo Garc\u00eda, ayer en La Mar de Letras (Cartagena)\" target=\"_self\" rel=\"follow\"> <font face=arial size=2>[Leer m\u00e1s]<\/font> <\/a><\/p>\n","protected":false},"author":2,"featured_media":0,"comment_status":"closed","ping_status":"closed","sticky":false,"template":"","format":"gallery","meta":{"footnotes":""},"categories":[1],"tags":[],"class_list":["post-21901","post","type-post","status-publish","format-gallery","hentry","category-manolo-garcia","post_format-post-format-gallery"],"_links":{"self":[{"href":"https:\/\/www.manologarciaycia.com\/index.php?rest_route=\/wp\/v2\/posts\/21901","targetHints":{"allow":["GET"]}}],"collection":[{"href":"https:\/\/www.manologarciaycia.com\/index.php?rest_route=\/wp\/v2\/posts"}],"about":[{"href":"https:\/\/www.manologarciaycia.com\/index.php?rest_route=\/wp\/v2\/types\/post"}],"author":[{"embeddable":true,"href":"https:\/\/www.manologarciaycia.com\/index.php?rest_route=\/wp\/v2\/users\/2"}],"replies":[{"embeddable":true,"href":"https:\/\/www.manologarciaycia.com\/index.php?rest_route=%2Fwp%2Fv2%2Fcomments&post=21901"}],"version-history":[{"count":4,"href":"https:\/\/www.manologarciaycia.com\/index.php?rest_route=\/wp\/v2\/posts\/21901\/revisions"}],"predecessor-version":[{"id":21912,"href":"https:\/\/www.manologarciaycia.com\/index.php?rest_route=\/wp\/v2\/posts\/21901\/revisions\/21912"}],"wp:attachment":[{"href":"https:\/\/www.manologarciaycia.com\/index.php?rest_route=%2Fwp%2Fv2%2Fmedia&parent=21901"}],"wp:term":[{"taxonomy":"category","embeddable":true,"href":"https:\/\/www.manologarciaycia.com\/index.php?rest_route=%2Fwp%2Fv2%2Fcategories&post=21901"},{"taxonomy":"post_tag","embeddable":true,"href":"https:\/\/www.manologarciaycia.com\/index.php?rest_route=%2Fwp%2Fv2%2Ftags&post=21901"}],"curies":[{"name":"wp","href":"https:\/\/api.w.org\/{rel}","templated":true}]}}