{"id":21889,"date":"2021-07-01T13:34:06","date_gmt":"2021-07-01T11:34:06","guid":{"rendered":"https:\/\/www.manologarciaycia.com\/?p=21889"},"modified":"2021-07-01T13:34:11","modified_gmt":"2021-07-01T11:34:11","slug":"mesa-redonda-cursivas-y-corcheas-aforo-completo","status":"publish","type":"post","link":"https:\/\/www.manologarciaycia.com\/?p=21889","title":{"rendered":"Mesa redonda \u00abCursivas y corcheas\u00bb  (Aforo Completo)"},"content":{"rendered":"\n<ul class=\"wp-block-list\"><li><strong>Lugar:<\/strong>\u00a0Sal\u00f3n de Actos Isaac Peral de la Facultad de Ciencias de la Empresa<\/li><li><strong>Fecha:<\/strong>\u00a014\/07\/2021<\/li><li><strong>Comienzo:<\/strong>\u00a020:00 horas<\/li><li><br>Bajo este t\u00edtulo que alude a la estrofa literaria y a la musical, esta mesa pretende ser un di\u00e1logo entre autores y autoras para quienes la poes\u00eda y la m\u00fasica son dos formas de expresi\u00f3n que conviven estrechamente, no pudi\u00e9ndose entender la una sin la otra. Con este fin, reunimos en el mismo espacio a una escritora y dos autores que nos presentar\u00e1n sus \u00faltimas obras, desde las que entablar una conversaci\u00f3n sobre los menesteres y vicisitudes del oficio. Contaremos aqu\u00ed con los poemarios de Lara L\u00f3pez (\u201cM\u00fasicas posibles\u201d Radio3) y Manolo Garc\u00eda (ex componente de Los R\u00e1pidos, Los Burros, El \u00daltimo de la Fila\u2026), as\u00ed como con la biograf\u00eda de Germ\u00e1n Coppini, escrita por el poeta cartagenero Antonio Mar\u00edn Albalate.<br><br>Autores invitados:<ul><li>Antonio Mar\u00edn Albalate,\u00a0<em>Germ\u00e1n Coppini. Colecciono moscas<\/em>\u00a0(Milenio, 2020)<\/li><li>Manolo Garc\u00eda,\u00a0<em>El fin del principio<\/em>\u00a0(Aguilar, 2020)<\/li><li>Lara L\u00f3pez,\u00a0<em>Derivas<\/em>\u00a0(Universidad de Zaragoza, 2019)Presenta: Jam Albarrac\u00edn<br><br><em>Inscripci\u00f3n previa gratuita\u00a0<a rel=\"noreferrer noopener\" href=\"https:\/\/cultura.cartagena.es\/detalle_agenda.asp?id=1820&amp;idPortal=37&amp;c=26&amp;d=23\/06\/2021&amp;h=\" target=\"_blank\"><strong>aqu\u00ed<\/strong><\/a><\/em> (AFORO COMPLETO)<\/li><\/ul><\/li><\/ul>\n\n\n\n<h4 class=\"wp-block-heading\">Autores<\/h4>\n\n\n\n<ul class=\"wp-block-list\"><li>\u00a0\u00a0Antonio Mar\u00edn Albalate<\/li><li>\u00a0\u00a0Manolo Garc\u00eda<\/li><li>\u00a0\u00a0Lara L\u00f3pez<\/li><li>\u00a0\u00a0Jam Albarrac\u00edn<\/li><\/ul>\n\n\n\n<p>Fuente: La Mar de M\u00fasicas &#8211; <a rel=\"noreferrer noopener\" href=\"https:\/\/lamardemusicas.cartagena.es\/2021\/ficha_dia_letras.asp?id=109\" data-type=\"URL\" data-id=\"https:\/\/lamardemusicas.cartagena.es\/2021\/ficha_dia_letras.asp?id=109\" target=\"_blank\">ENLACE<\/a><\/p>\n","protected":false},"excerpt":{"rendered":"<p>Lugar:\u00a0Sal\u00f3n de Actos Isaac Peral de la Facultad de Ciencias de la Empresa Fecha:\u00a014\/07\/2021 Comienzo:\u00a020:00 horas Bajo este t\u00edtulo que alude a la estrofa literaria y a la musical, esta mesa pretende ser un di\u00e1logo entre autores y autoras para quienes la poes\u00eda y la m\u00fasica son dos formas de expresi\u00f3n que conviven estrechamente, no<a class=\"moretag\" href=\"https:\/\/www.manologarciaycia.com\/?p=21889\" title=\"Mesa redonda \u00abCursivas y corcheas\u00bb  (Aforo Completo)\" target=\"_self\" rel=\"follow\"> <font face=arial size=2>[Leer m\u00e1s]<\/font> <\/a><\/p>\n","protected":false},"author":2,"featured_media":21890,"comment_status":"closed","ping_status":"closed","sticky":false,"template":"","format":"standard","meta":{"footnotes":""},"categories":[1],"tags":[],"class_list":["post-21889","post","type-post","status-publish","format-standard","has-post-thumbnail","hentry","category-manolo-garcia"],"_links":{"self":[{"href":"https:\/\/www.manologarciaycia.com\/index.php?rest_route=\/wp\/v2\/posts\/21889","targetHints":{"allow":["GET"]}}],"collection":[{"href":"https:\/\/www.manologarciaycia.com\/index.php?rest_route=\/wp\/v2\/posts"}],"about":[{"href":"https:\/\/www.manologarciaycia.com\/index.php?rest_route=\/wp\/v2\/types\/post"}],"author":[{"embeddable":true,"href":"https:\/\/www.manologarciaycia.com\/index.php?rest_route=\/wp\/v2\/users\/2"}],"replies":[{"embeddable":true,"href":"https:\/\/www.manologarciaycia.com\/index.php?rest_route=%2Fwp%2Fv2%2Fcomments&post=21889"}],"version-history":[{"count":1,"href":"https:\/\/www.manologarciaycia.com\/index.php?rest_route=\/wp\/v2\/posts\/21889\/revisions"}],"predecessor-version":[{"id":21891,"href":"https:\/\/www.manologarciaycia.com\/index.php?rest_route=\/wp\/v2\/posts\/21889\/revisions\/21891"}],"wp:featuredmedia":[{"embeddable":true,"href":"https:\/\/www.manologarciaycia.com\/index.php?rest_route=\/wp\/v2\/media\/21890"}],"wp:attachment":[{"href":"https:\/\/www.manologarciaycia.com\/index.php?rest_route=%2Fwp%2Fv2%2Fmedia&parent=21889"}],"wp:term":[{"taxonomy":"category","embeddable":true,"href":"https:\/\/www.manologarciaycia.com\/index.php?rest_route=%2Fwp%2Fv2%2Fcategories&post=21889"},{"taxonomy":"post_tag","embeddable":true,"href":"https:\/\/www.manologarciaycia.com\/index.php?rest_route=%2Fwp%2Fv2%2Ftags&post=21889"}],"curies":[{"name":"wp","href":"https:\/\/api.w.org\/{rel}","templated":true}]}}