{"id":21886,"date":"2021-07-01T13:30:58","date_gmt":"2021-07-01T11:30:58","guid":{"rendered":"https:\/\/www.manologarciaycia.com\/?p=21886"},"modified":"2021-07-01T13:31:02","modified_gmt":"2021-07-01T11:31:02","slug":"manolo-garcia-sabina-urraca-ilu-ros-o-laura-perez-vernetti-daran-una-vision-diversa-de-las-letras-espanolas-en-la-mar-de-musicas","status":"publish","type":"post","link":"https:\/\/www.manologarciaycia.com\/?p=21886","title":{"rendered":"Manolo Garc\u00eda, Sabina Urraca, Ilu Ros o Laura P\u00e9rez Vernetti dar\u00e1n una visi\u00f3n diversa de las letras espa\u00f1olas en La Mar de M\u00fasicas"},"content":{"rendered":"\n<p><strong>Manolo Garc\u00eda, Sabina Urraca, Ilu Ros\u00a0<\/strong>o<strong>\u00a0Laura P\u00e9rez Vernetti<\/strong>\u00a0dar\u00e1n una visi\u00f3n diversa de las letras espa\u00f1olas en\u00a0<strong>La Mar de M\u00fasicas<\/strong>. La secci\u00f3n literaria del festival vuelve con una programaci\u00f3n de mesas tem\u00e1ticas, que se llevar\u00e1n a cabo del 12 al 15 de julio,\u00a0 y que versar\u00e1n sobre la riqueza ling\u00fc\u00edstica de Espa\u00f1a, la novela gr\u00e1fica, las grandes mujeres de la literatura, la uni\u00f3n de poes\u00eda y m\u00fasica y la literatura desde las islas. Es necesaria inscripci\u00f3n previa para asistir en\u00a0lamardemusicas.com\u00a0<br><br><strong>La Mar de Letras pondr\u00e1 el foco tanto en las propuestas m\u00e1s desconocidas para el gran p\u00fablico como acercando voces veteranas y de largo recorrido<\/strong>; mirando y mimando a las autoras y autores noveles, tanto como a las voces m\u00e1s reconocibles; y prestando id\u00e9ntica atenci\u00f3n al talento local y regional, como al venido de lejos.<br><br>En esta edici\u00f3n de<strong>\u00a0La Mar de Letras<\/strong>\u00a0se ha procurado que est\u00e9n presentes una gran variedad de g\u00e9neros y estilos, procurando al mismo tiempo que la programaci\u00f3n respete el espacio imprescindible de otras grandes convocatorias literarias de la ciudad de Cartagena.\u00a0<br><br><strong>Biograf\u00eda, poes\u00eda, relato, novela corta, epistolario, novela gr\u00e1fica y mundo editorial<\/strong>\u00a0son las propuestas para este viaje a trav\u00e9s de las letras que se materializar\u00e1 en cinco mesas redondas celebradas en la<strong>\u00a0Sal\u00f3n de Actos Isaac Peral de la Facultad de Ciencias<\/strong>\u00a0<strong>de la Empresa (antiguo CIM)\u00a0<\/strong>del 12 al 15 de julio. La asistencia a las mesas es gratuita previa inscripci\u00f3n en lamardemusicas.com hasta completar todas las plazas. El aforo a cada una de las actividades ser\u00e1 de m\u00e1ximo 40 personas.\u00a0<br><br><strong>Programaci\u00f3n<\/strong><br><br>El\u00a0<strong>lunes 12 de julio<\/strong>, comienza la programaci\u00f3n, a las 12:00 horas con la mesa<strong>\u00a0&#8216;En otras lenguas&#8217;<\/strong>. Se atender\u00e1 aqu\u00ed la riqueza ling\u00fc\u00edstica de nuestro pa\u00eds. Gallego, catal\u00e1n, valenciano y euskera son lenguas culturalmente muy vivas en los enclaves en los que se hablan, que exceden en algunos casos el mero \u00e1mbito de las entidades territoriales auton\u00f3micas. Esta mesa invita a cuatro j\u00f3venes editoriales independientes que dar\u00e1n a conocer su trabajo y acercar\u00e1n sus propuestas literarias muy poco accesible al p\u00fablico lector en lengua castellana:\u00a0<strong>Denonartean\u00a0<\/strong>(Navarra),\u00a0<strong>Demo Editorial<\/strong>\u00a0(Galicia),\u00a0<strong>LaBreu Edicions<\/strong>\u00a0(Catalu\u00f1a),<strong>\u00a0Sembra Llibres\u00a0<\/strong>(Valencia).\u00a0<br><br>Ese mismo d\u00eda, a las 20:00 horas, tendr\u00e1 lugar la mesa redonda\u00a0<strong>&#8216;Novela gr\u00e1fica&#8217;<\/strong>, con dos grandes autoras del g\u00e9nero de la novela gr\u00e1fica en Espa\u00f1a. Ilustradoras y guionistas ambas, representan a dos generaciones diferentes. La veterana\u00a0<strong>Laura P\u00e9rez Vernetti<\/strong>\u00a0y la joven\u00a0<strong>Ilu Ros,\u00a0<\/strong>que\u00a0mostrar\u00e1n\u00a0sus personales miradas a dos grandes nombres de la literatura universal:\u00a0<strong>Charles Baudelaire<\/strong>\u00a0y\u00a0<strong>Federico Garc\u00eda Lorca<\/strong>.\u00a0<br><br>El martes, 13 de julio, a las 20:00 horas, tendr\u00e1 lugar la mesa redonda\u00a0<strong>&#8216;Espacios de sororidad&#8217;,<\/strong>\u00a0donde se recordar\u00e1<strong>\u00a0a grandes mujeres de la literatura en castellano.<\/strong>\u00a0Olvidadas o poco reconocidas, consagradas o admiradas tard\u00edamente, se pondr\u00e1 en evidencia aquello que las une, a pesar de las circunstancias diferentes:\u00a0<strong>colaborar al fortalecimiento de redes de sororidad<\/strong>, posibilitando nuevos espacios para la presencia de las mujeres en la cultura. Se presentar\u00e1n en esta mesa el libro coral de poemas\u00a0<em><strong>Ellas vuelan<\/strong><\/em>, un homenaje a las poetas pioneras del siglo XX\u00a0(con la presencia de una de sus coautoras,\u00a0<strong>Marisa L\u00f3pez Soria<\/strong>, y la editora\u00a0<strong>Teresa Zatarain<\/strong>) y\u00a0<em><strong>De mujer a mujer. Cartas desde el exilio a Gabriela Mistral<\/strong><\/em>, un epistolario\u00a0compilado por la investigadora\u00a0<strong>Francisca Montiel<\/strong>\u00a0que re\u00fane las misivas de diez mujeres escritoras espa\u00f1olas en el exilio a\u00a0<strong>Gabriela Mistral<\/strong>, y que muestra la inmensa red de apoyo internacional que la Premio Nobel de Literatura gener\u00f3 con intelectuales espa\u00f1olas.\u00a0<br><br>Un d\u00eda despu\u00e9s, 14 de julio, bajo el t\u00edtulo de\u00a0<strong>&#8216;Cursivas y corcheas&#8217;<\/strong>\u00a0que alude a la estrofa literaria y a la musical, se propone\u00a0<strong>un di\u00e1logo entre autores y autoras para quienes la poes\u00eda y la m\u00fasica son dos formas de expresi\u00f3n que conviven estrechamente<\/strong>, no pudi\u00e9ndose entender la una sin la otra. Una escritora y dos autores presentar\u00e1n sus \u00faltimas obras, desde las que entablar una conversaci\u00f3n sobre los menesteres y vicisitudes del oficio. Protagonistas ser\u00e1n los poemarios de\u00a0<strong>Lara L\u00f3pez<\/strong>\u00a0(periodista de Radio Nacional de Espa\u00f1a) y de<strong>\u00a0Manolo Garc\u00eda<\/strong>\u00a0(ex componente de Los R\u00e1pidos, Los Burros, El \u00daltimo de la Fila\u2026), as\u00ed como con la biograf\u00eda deGerm\u00e1n Coppini<strong>,<\/strong>\u00a0escrita por el poeta cartagenero\u00a0<strong>Antonio Mar\u00edn Albalate<\/strong>.\u00a0<br><br>Por \u00faltimo, el 15 de julio, a las 20:00 horas, La Mar de Letras contar\u00e1 con la mesa\u00a0<strong>&#8216;Las islas en el mapa&#8217;,\u00a0<\/strong>cuyo\u00a0objetivo de esta mesa es\u00a0<strong>prestar atenci\u00f3n a las creadoras y creadores que han alimentado su vocaci\u00f3n literaria desde el contexto isle\u00f1o<\/strong>, en esa realidad situada en la otra orilla de las aguas fuera del radio de la gran urbe peninsular, Madrid, aunque esta sea ahora su lugar de residencia. Una escritora y un escritor noveles se dan cita aqu\u00ed para presentar sus \u00faltimas obras y para conversar sobre la peculiaridad isle\u00f1a:\u00a0<strong>Sabina Urraca<\/strong>\u00a0(Tenerife) que relata un fresco sentimental sobre los atentados del 11M en Madrid y la huella emocional que supuso en algunos seres vulnerables; y\u00a0<strong>Alejandro Morell\u00f3n<\/strong>\u00a0(Mallorca), que acerca una novela breve inquietante, de pulso po\u00e9tico, sobre el desmoronamiento de una familia y sus miembros.\u00a0<br><br>Las mesas estar\u00e1n conducidas, respectivamente, por el editor\u00a0<strong>Ra\u00fal G\u00f3mez<\/strong>\u00a0(Ediciones Dokusou), el director del Festival de Cine Fant\u00e1stico europeo de Murcia,\u00a0<strong>Javier Garc\u00eda<\/strong>, la periodista cultural\u00a0<strong>Amelia Castilla<\/strong>\u00a0y dos conocidos nombres del periodismo musical,\u00a0<strong>Jam Albarrac\u00edn<\/strong>\u00a0y\u00a0<strong>Lara L\u00f3pez<\/strong>.\u00a0<\/p>\n\n\n\n<p>Fuente: La Mar de M\u00fasicas &#8211; <a rel=\"noreferrer noopener\" href=\"https:\/\/lamardemusicas.cartagena.es\/2021\/detalle_noticia.asp?id=64154&amp;pagina=\" data-type=\"URL\" data-id=\"https:\/\/lamardemusicas.cartagena.es\/2021\/detalle_noticia.asp?id=64154&amp;pagina=\" target=\"_blank\">ENLACE<\/a><\/p>\n","protected":false},"excerpt":{"rendered":"<p>Manolo Garc\u00eda, Sabina Urraca, Ilu Ros\u00a0o\u00a0Laura P\u00e9rez Vernetti\u00a0dar\u00e1n una visi\u00f3n diversa de las letras espa\u00f1olas en\u00a0La Mar de M\u00fasicas. La secci\u00f3n literaria del festival vuelve con una programaci\u00f3n de mesas tem\u00e1ticas, que se llevar\u00e1n a cabo del 12 al 15 de julio,\u00a0 y que versar\u00e1n sobre la riqueza ling\u00fc\u00edstica de Espa\u00f1a, la novela gr\u00e1fica, las<a class=\"moretag\" href=\"https:\/\/www.manologarciaycia.com\/?p=21886\" title=\"Manolo Garc\u00eda, Sabina Urraca, Ilu Ros o Laura P\u00e9rez Vernetti dar\u00e1n una visi\u00f3n diversa de las letras espa\u00f1olas en La Mar de M\u00fasicas\" target=\"_self\" rel=\"follow\"> <font face=arial size=2>[Leer m\u00e1s]<\/font> <\/a><\/p>\n","protected":false},"author":2,"featured_media":21887,"comment_status":"closed","ping_status":"closed","sticky":false,"template":"","format":"standard","meta":{"footnotes":""},"categories":[1],"tags":[],"class_list":["post-21886","post","type-post","status-publish","format-standard","has-post-thumbnail","hentry","category-manolo-garcia"],"_links":{"self":[{"href":"https:\/\/www.manologarciaycia.com\/index.php?rest_route=\/wp\/v2\/posts\/21886","targetHints":{"allow":["GET"]}}],"collection":[{"href":"https:\/\/www.manologarciaycia.com\/index.php?rest_route=\/wp\/v2\/posts"}],"about":[{"href":"https:\/\/www.manologarciaycia.com\/index.php?rest_route=\/wp\/v2\/types\/post"}],"author":[{"embeddable":true,"href":"https:\/\/www.manologarciaycia.com\/index.php?rest_route=\/wp\/v2\/users\/2"}],"replies":[{"embeddable":true,"href":"https:\/\/www.manologarciaycia.com\/index.php?rest_route=%2Fwp%2Fv2%2Fcomments&post=21886"}],"version-history":[{"count":1,"href":"https:\/\/www.manologarciaycia.com\/index.php?rest_route=\/wp\/v2\/posts\/21886\/revisions"}],"predecessor-version":[{"id":21888,"href":"https:\/\/www.manologarciaycia.com\/index.php?rest_route=\/wp\/v2\/posts\/21886\/revisions\/21888"}],"wp:featuredmedia":[{"embeddable":true,"href":"https:\/\/www.manologarciaycia.com\/index.php?rest_route=\/wp\/v2\/media\/21887"}],"wp:attachment":[{"href":"https:\/\/www.manologarciaycia.com\/index.php?rest_route=%2Fwp%2Fv2%2Fmedia&parent=21886"}],"wp:term":[{"taxonomy":"category","embeddable":true,"href":"https:\/\/www.manologarciaycia.com\/index.php?rest_route=%2Fwp%2Fv2%2Fcategories&post=21886"},{"taxonomy":"post_tag","embeddable":true,"href":"https:\/\/www.manologarciaycia.com\/index.php?rest_route=%2Fwp%2Fv2%2Ftags&post=21886"}],"curies":[{"name":"wp","href":"https:\/\/api.w.org\/{rel}","templated":true}]}}