{"id":21882,"date":"2021-06-27T10:57:51","date_gmt":"2021-06-27T08:57:51","guid":{"rendered":"https:\/\/www.manologarciaycia.com\/?p=21882"},"modified":"2021-06-27T10:59:42","modified_gmt":"2021-06-27T08:59:42","slug":"virgilio-fernandez-para-manolo-garcia-soy-o-rapacino-para-compay-segundo-el-gallego","status":"publish","type":"post","link":"https:\/\/www.manologarciaycia.com\/?p=21882","title":{"rendered":"Virgilio Fern\u00e1ndez: \u00abPara Manolo Garc\u00eda soy o rapaci\u00f1o; para Compay Segundo, el gallego\u00bb"},"content":{"rendered":"\n<p>El m\u00fasico y t\u00e9cnico de sonido santiagu\u00e9s, que despunt\u00f3 en el Rock-Ola, el templo de la movida madrile\u00f1a, y trabaj\u00f3, entre otros, con Radio Futura, Serrat y Sabina o Estopa, revive infinitas an\u00e9cdotas. Desde hace a\u00f1os brinda su estudio de la r\u00faa de San Pedro, en Santiago, para grabar a amigos.<\/p>\n\n\n\n<p>Fuente: La Voz de Galicia &#8211; <a rel=\"noreferrer noopener\" href=\"https:\/\/www.lavozdegalicia.es\/noticia\/santiago\/2021\/06\/25\/virgilio-fernandez-manolo-garcia-rapacino-compay-segundo-gallego\/00031624615665213898612.htm\" data-type=\"URL\" data-id=\"https:\/\/www.lavozdegalicia.es\/noticia\/santiago\/2021\/06\/25\/virgilio-fernandez-manolo-garcia-rapacino-compay-segundo-gallego\/00031624615665213898612.htm\" target=\"_blank\">ENLACE<\/a><\/p>\n","protected":false},"excerpt":{"rendered":"<p>El m\u00fasico y t\u00e9cnico de sonido santiagu\u00e9s, que despunt\u00f3 en el Rock-Ola, el templo de la movida madrile\u00f1a, y trabaj\u00f3, entre otros, con Radio Futura, Serrat y Sabina o Estopa, revive infinitas an\u00e9cdotas. Desde hace a\u00f1os brinda su estudio de la r\u00faa de San Pedro, en Santiago, para grabar a amigos. Fuente: La Voz de<a class=\"moretag\" href=\"https:\/\/www.manologarciaycia.com\/?p=21882\" title=\"Virgilio Fern\u00e1ndez: \u00abPara Manolo Garc\u00eda soy o rapaci\u00f1o; para Compay Segundo, el gallego\u00bb\" target=\"_self\" rel=\"follow\"> <font face=arial size=2>[Leer m\u00e1s]<\/font> <\/a><\/p>\n","protected":false},"author":2,"featured_media":21883,"comment_status":"closed","ping_status":"closed","sticky":false,"template":"","format":"standard","meta":{"footnotes":""},"categories":[1],"tags":[],"class_list":["post-21882","post","type-post","status-publish","format-standard","has-post-thumbnail","hentry","category-manolo-garcia"],"_links":{"self":[{"href":"https:\/\/www.manologarciaycia.com\/index.php?rest_route=\/wp\/v2\/posts\/21882","targetHints":{"allow":["GET"]}}],"collection":[{"href":"https:\/\/www.manologarciaycia.com\/index.php?rest_route=\/wp\/v2\/posts"}],"about":[{"href":"https:\/\/www.manologarciaycia.com\/index.php?rest_route=\/wp\/v2\/types\/post"}],"author":[{"embeddable":true,"href":"https:\/\/www.manologarciaycia.com\/index.php?rest_route=\/wp\/v2\/users\/2"}],"replies":[{"embeddable":true,"href":"https:\/\/www.manologarciaycia.com\/index.php?rest_route=%2Fwp%2Fv2%2Fcomments&post=21882"}],"version-history":[{"count":1,"href":"https:\/\/www.manologarciaycia.com\/index.php?rest_route=\/wp\/v2\/posts\/21882\/revisions"}],"predecessor-version":[{"id":21884,"href":"https:\/\/www.manologarciaycia.com\/index.php?rest_route=\/wp\/v2\/posts\/21882\/revisions\/21884"}],"wp:featuredmedia":[{"embeddable":true,"href":"https:\/\/www.manologarciaycia.com\/index.php?rest_route=\/wp\/v2\/media\/21883"}],"wp:attachment":[{"href":"https:\/\/www.manologarciaycia.com\/index.php?rest_route=%2Fwp%2Fv2%2Fmedia&parent=21882"}],"wp:term":[{"taxonomy":"category","embeddable":true,"href":"https:\/\/www.manologarciaycia.com\/index.php?rest_route=%2Fwp%2Fv2%2Fcategories&post=21882"},{"taxonomy":"post_tag","embeddable":true,"href":"https:\/\/www.manologarciaycia.com\/index.php?rest_route=%2Fwp%2Fv2%2Ftags&post=21882"}],"curies":[{"name":"wp","href":"https:\/\/api.w.org\/{rel}","templated":true}]}}