{"id":21875,"date":"2021-06-23T11:28:18","date_gmt":"2021-06-23T09:28:18","guid":{"rendered":"https:\/\/www.manologarciaycia.com\/?p=21875"},"modified":"2021-06-23T11:28:21","modified_gmt":"2021-06-23T09:28:21","slug":"el-ultimo-de-la-fila-5","status":"publish","type":"post","link":"https:\/\/www.manologarciaycia.com\/?p=21875","title":{"rendered":"El \u00daltimo de la Fila"},"content":{"rendered":"\n<p>El \u00daltimo de la Fila, Manolo Garc\u00eda. Hace 30 a\u00f1os miles de personas asist\u00edan al macro festival celebrado simult\u00e1neamente en Madrid y en Barcelona para conmemorar el 25 aniversario del programa musical de la Cadena SER \u00abLos 40 principales\u00bb. De la EFEfototeca<\/p>\n","protected":false},"excerpt":{"rendered":"<p>El \u00daltimo de la Fila, Manolo Garc\u00eda. Hace 30 a\u00f1os miles de personas asist\u00edan al macro festival celebrado simult\u00e1neamente en Madrid y en Barcelona para conmemorar el 25 aniversario del programa musical de la Cadena SER \u00abLos 40 principales\u00bb. De la EFEfototeca<a class=\"moretag\" href=\"https:\/\/www.manologarciaycia.com\/?p=21875\" title=\"El \u00daltimo de la Fila\" target=\"_self\" rel=\"follow\"> <font face=arial size=2>[Leer m\u00e1s]<\/font> <\/a><\/p>\n","protected":false},"author":2,"featured_media":21876,"comment_status":"closed","ping_status":"closed","sticky":false,"template":"","format":"standard","meta":{"footnotes":""},"categories":[1],"tags":[],"class_list":["post-21875","post","type-post","status-publish","format-standard","has-post-thumbnail","hentry","category-manolo-garcia"],"_links":{"self":[{"href":"https:\/\/www.manologarciaycia.com\/index.php?rest_route=\/wp\/v2\/posts\/21875","targetHints":{"allow":["GET"]}}],"collection":[{"href":"https:\/\/www.manologarciaycia.com\/index.php?rest_route=\/wp\/v2\/posts"}],"about":[{"href":"https:\/\/www.manologarciaycia.com\/index.php?rest_route=\/wp\/v2\/types\/post"}],"author":[{"embeddable":true,"href":"https:\/\/www.manologarciaycia.com\/index.php?rest_route=\/wp\/v2\/users\/2"}],"replies":[{"embeddable":true,"href":"https:\/\/www.manologarciaycia.com\/index.php?rest_route=%2Fwp%2Fv2%2Fcomments&post=21875"}],"version-history":[{"count":1,"href":"https:\/\/www.manologarciaycia.com\/index.php?rest_route=\/wp\/v2\/posts\/21875\/revisions"}],"predecessor-version":[{"id":21877,"href":"https:\/\/www.manologarciaycia.com\/index.php?rest_route=\/wp\/v2\/posts\/21875\/revisions\/21877"}],"wp:featuredmedia":[{"embeddable":true,"href":"https:\/\/www.manologarciaycia.com\/index.php?rest_route=\/wp\/v2\/media\/21876"}],"wp:attachment":[{"href":"https:\/\/www.manologarciaycia.com\/index.php?rest_route=%2Fwp%2Fv2%2Fmedia&parent=21875"}],"wp:term":[{"taxonomy":"category","embeddable":true,"href":"https:\/\/www.manologarciaycia.com\/index.php?rest_route=%2Fwp%2Fv2%2Fcategories&post=21875"},{"taxonomy":"post_tag","embeddable":true,"href":"https:\/\/www.manologarciaycia.com\/index.php?rest_route=%2Fwp%2Fv2%2Ftags&post=21875"}],"curies":[{"name":"wp","href":"https:\/\/api.w.org\/{rel}","templated":true}]}}