{"id":21872,"date":"2021-06-23T11:26:07","date_gmt":"2021-06-23T09:26:07","guid":{"rendered":"https:\/\/www.manologarciaycia.com\/?p=21872"},"modified":"2021-06-23T11:38:48","modified_gmt":"2021-06-23T09:38:48","slug":"gracias-julio-ruiz-disco-grande","status":"publish","type":"post","link":"https:\/\/www.manologarciaycia.com\/?p=21872","title":{"rendered":"Gracias Julio Ruiz! (Disco Grande, Radio3)"},"content":{"rendered":"\n<p>Ayer se jubilaba Julio Ruiz tras 5 d\u00e9cadas de Disco Grande, informando desde\u00a0Radio3\u00a0del panorama musical<\/p>\n\n\n\n<p>Gracias Julio! En la foto con&nbsp;Manolo Garc\u00eda&nbsp;y&nbsp;Quimi Portet&nbsp;de&nbsp;El \u00daltimo de la Fila<\/p>\n\n\n\n<p>Y tambi\u00e9n Jos\u00e9 Miguel L\u00f3pez&nbsp;<a href=\"https:\/\/www.facebook.com\/hashtag\/disc%C3%B3polis?__eep__=6&amp;__cft__[0]=AZUmlGU_K0XjuSujzg-MHrQkBo5UVBELzMcquMDFjeUrI5jwTfh-5ouGXKAV_MbKipHPu7TzpG4DZneJl254HxQ3FDYvjUaPBUAGWNWDqduyoOq8z2us3nYTu3LuLTveXiWsO--rDB_GvAwhvpl1BfATIbB5XDcC1S3HRRGVBNsfrvARlFZJV8tcrbQD8DwMRiE&amp;__tn__=*NK*F\">(<\/a>Disc\u00f3polis)&nbsp;y Javier Tolentino (El S\u00e9ptimo vicio)<\/p>\n","protected":false},"excerpt":{"rendered":"<p>Ayer se jubilaba Julio Ruiz tras 5 d\u00e9cadas de Disco Grande, informando desde\u00a0Radio3\u00a0del panorama musical Gracias Julio! En la foto con&nbsp;Manolo Garc\u00eda&nbsp;y&nbsp;Quimi Portet&nbsp;de&nbsp;El \u00daltimo de la Fila Y tambi\u00e9n Jos\u00e9 Miguel L\u00f3pez&nbsp;(Disc\u00f3polis)&nbsp;y Javier Tolentino (El S\u00e9ptimo vicio)<a class=\"moretag\" href=\"https:\/\/www.manologarciaycia.com\/?p=21872\" title=\"Gracias Julio Ruiz! (Disco Grande, Radio3)\" target=\"_self\" rel=\"follow\"> <font face=arial size=2>[Leer m\u00e1s]<\/font> <\/a><\/p>\n","protected":false},"author":2,"featured_media":21873,"comment_status":"closed","ping_status":"closed","sticky":false,"template":"","format":"standard","meta":{"footnotes":""},"categories":[1],"tags":[],"class_list":["post-21872","post","type-post","status-publish","format-standard","has-post-thumbnail","hentry","category-manolo-garcia"],"_links":{"self":[{"href":"https:\/\/www.manologarciaycia.com\/index.php?rest_route=\/wp\/v2\/posts\/21872","targetHints":{"allow":["GET"]}}],"collection":[{"href":"https:\/\/www.manologarciaycia.com\/index.php?rest_route=\/wp\/v2\/posts"}],"about":[{"href":"https:\/\/www.manologarciaycia.com\/index.php?rest_route=\/wp\/v2\/types\/post"}],"author":[{"embeddable":true,"href":"https:\/\/www.manologarciaycia.com\/index.php?rest_route=\/wp\/v2\/users\/2"}],"replies":[{"embeddable":true,"href":"https:\/\/www.manologarciaycia.com\/index.php?rest_route=%2Fwp%2Fv2%2Fcomments&post=21872"}],"version-history":[{"count":2,"href":"https:\/\/www.manologarciaycia.com\/index.php?rest_route=\/wp\/v2\/posts\/21872\/revisions"}],"predecessor-version":[{"id":21881,"href":"https:\/\/www.manologarciaycia.com\/index.php?rest_route=\/wp\/v2\/posts\/21872\/revisions\/21881"}],"wp:featuredmedia":[{"embeddable":true,"href":"https:\/\/www.manologarciaycia.com\/index.php?rest_route=\/wp\/v2\/media\/21873"}],"wp:attachment":[{"href":"https:\/\/www.manologarciaycia.com\/index.php?rest_route=%2Fwp%2Fv2%2Fmedia&parent=21872"}],"wp:term":[{"taxonomy":"category","embeddable":true,"href":"https:\/\/www.manologarciaycia.com\/index.php?rest_route=%2Fwp%2Fv2%2Fcategories&post=21872"},{"taxonomy":"post_tag","embeddable":true,"href":"https:\/\/www.manologarciaycia.com\/index.php?rest_route=%2Fwp%2Fv2%2Ftags&post=21872"}],"curies":[{"name":"wp","href":"https:\/\/api.w.org\/{rel}","templated":true}]}}