{"id":2161,"date":"2011-12-13T05:50:17","date_gmt":"2011-12-13T04:50:17","guid":{"rendered":"http:\/\/www.manologarciaycia.com\/?p=2161"},"modified":"2011-12-13T08:54:58","modified_gmt":"2011-12-13T07:54:58","slug":"mg-prepara-una-ambiciosa-gira-que-tendra-dos-paradas-en-malaga","status":"publish","type":"post","link":"https:\/\/www.manologarciaycia.com\/?p=2161","title":{"rendered":"MG: Prepara una ambiciosa gira que tendr\u00e1 dos paradas en M\u00e1laga"},"content":{"rendered":"<p><img loading=\"lazy\" decoding=\"async\" alt=\"\" src=\"http:\/\/www.diariosur.es\/prensa\/noticias\/201112\/13\/fotos\/10982187.jpg\" class=\"alignleft\" width=\"300\" height=\"458\" \/>La carpa de invierno del Auditorio acoger\u00e1 el 16 y 17 de marzo el nuevo montaje del cantante, que presentar\u00e1 su disco &#8216;Los d\u00edas intactos&#8217;.<\/p>\n<p>Manolo Garc\u00eda empezar\u00e1 el a\u00f1o 2012 sobre los escenarios, ya que el ex miembro de El \u00daltimo de la Fila ultima los detalles de una ambiciosa gira de conciertos que lo tendr\u00e1 ocupado hasta el verano y que contar\u00e1 con dos paradas en la capital malague\u00f1a. Los recitales, en los que el artista presentar\u00e1 su \u00faltimo disco, &#8216;Los d\u00edas intactos&#8217;, tendr\u00e1n lugar en el ciclo M\u00e1laga Audit\u00f3rium Club el 16 y el 17 de marzo. Dos fechas para las que las entradas se pondr\u00e1n a la venta a partir de la pr\u00f3xima semana y que forman parte de un ciclo de conciertos que incluye seis actuaciones en el Palacio de Congresos del Campo de las Naciones de Madrid y otros seis en Barcelona, cinco en el Teatro Coliseum y uno en el Palau de la M\u00fasica.<\/p>\n<p>\nAlmer\u00eda, Murcia, Valencia, Zaragoza, Ja\u00e9n y C\u00f3rdoba son algunos de los puntos que tambi\u00e9n forman parte de esta gira de actuaciones, en las que Manolo Garc\u00eda repasar\u00e1 los temas m\u00e1s reconocidos de su repertorio y en el que sobre todo interpretar\u00e1 las canciones de su exitoso quinto disco de estudio, publicado el 25 de octubre y que tras estar varias semanas en la cima de las listas de venta en Espa\u00f1a ha alcanzado ya el Disco de Platino.<\/p>\n<p>Un trabajo con catorce temas, grabado en los estudios Musiclan de Girona y en Ocean Way Recording de Los Angeles, en el que han colaborado m\u00fasicos como el guitarrista Waddy Watchel, los bajistas Leland Sklar y Bob Glaub o el bater\u00eda Kenny Aronoff. A esta n\u00f3mina internacional de int\u00e9rpretes hay que a\u00f1adir a los espa\u00f1oles Ricardo Mar\u00edn, Charly Sard\u00e1, I\u00f1igo Goldaracena, Juan Carlos Garc\u00eda, Albert Serrano y Laurent Vernerey, entre otros.<\/p>\n<p>Manolo Garc\u00eda, que en los \u00faltimos a\u00f1os ha destapado su vena creativa mostrando su creaci\u00f3n art\u00edstica como pintor y fot\u00f3grafo, y su producci\u00f3n literaria en el libro reci\u00e9n editado &#8216;El fruto de la rama m\u00e1s alta&#8217;, vuelve a la carretera tres a\u00f1os despu\u00e9s del lanzamiento de su anterior trabajo, &#8216;Saldremos a la lluvia&#8217;. Un disco con el que protagoniz\u00f3 una gira de actuaciones durante m\u00e1s de un a\u00f1o.<br \/>\n&#8216;Para que no se duerman mis sentidos&#8217; (2004), &#8216;Nunca el tiempo es perdido&#8217; (2001) y &#8216;Arena en los bolsillos&#8217; (1998) son los t\u00edtulos de los lanzamientos de Manolo Garc\u00eda desde que comenz\u00f3 su carrera en solitario, que impuls\u00f3 tras ponerse desde los primeros a\u00f1os 80 al frente de bandas como Los Burros y Los R\u00e1pidos. En ellas comparti\u00f3 escenario con Quimi Portet, con el que finalmente se unir\u00eda en el proyecto de El \u00faltimo de la Fila, banda que public\u00f3 en 1985 su primer disco y que prolong\u00f3 sus \u00e9xitos durante una d\u00e9cada.<\/p>\n<p>Fuente: Diario Sur &#8211; <a href='http:\/\/www.diariosur.es\/v\/20111213\/cultura\/manolo-garcia-prepara-ambiciosa-20111213.html' target=_new>ENLACE<\/a><\/p>\n<p>Enlace a otra noticia similar en Malaga Hoy <a href='http:\/\/www.malagahoy.es\/article\/ocio\/1137242\/manolo\/garcia\/presenta\/malaga\/marzo\/los\/dias\/intactos.html' target=_new>ENLACE<\/a><\/p>\n","protected":false},"excerpt":{"rendered":"<p>La carpa de invierno del Auditorio acoger\u00e1 el 16 y 17 de marzo el nuevo montaje del cantante, que presentar\u00e1 su disco &#8216;Los d\u00edas intactos&#8217;. Manolo Garc\u00eda empezar\u00e1 el a\u00f1o 2012 sobre los escenarios, ya que el ex miembro de El \u00daltimo de la Fila ultima los detalles de una ambiciosa gira de conciertos que<a class=\"moretag\" href=\"https:\/\/www.manologarciaycia.com\/?p=2161\" title=\"MG: Prepara una ambiciosa gira que tendr\u00e1 dos paradas en M\u00e1laga\" target=\"_self\" rel=\"follow\"> <font face=arial size=2>[Leer m\u00e1s]<\/font> <\/a><\/p>\n","protected":false},"author":2,"featured_media":0,"comment_status":"closed","ping_status":"closed","sticky":false,"template":"","format":"standard","meta":{"footnotes":""},"categories":[1],"tags":[],"class_list":["post-2161","post","type-post","status-publish","format-standard","hentry","category-manolo-garcia"],"_links":{"self":[{"href":"https:\/\/www.manologarciaycia.com\/index.php?rest_route=\/wp\/v2\/posts\/2161","targetHints":{"allow":["GET"]}}],"collection":[{"href":"https:\/\/www.manologarciaycia.com\/index.php?rest_route=\/wp\/v2\/posts"}],"about":[{"href":"https:\/\/www.manologarciaycia.com\/index.php?rest_route=\/wp\/v2\/types\/post"}],"author":[{"embeddable":true,"href":"https:\/\/www.manologarciaycia.com\/index.php?rest_route=\/wp\/v2\/users\/2"}],"replies":[{"embeddable":true,"href":"https:\/\/www.manologarciaycia.com\/index.php?rest_route=%2Fwp%2Fv2%2Fcomments&post=2161"}],"version-history":[{"count":4,"href":"https:\/\/www.manologarciaycia.com\/index.php?rest_route=\/wp\/v2\/posts\/2161\/revisions"}],"predecessor-version":[{"id":2165,"href":"https:\/\/www.manologarciaycia.com\/index.php?rest_route=\/wp\/v2\/posts\/2161\/revisions\/2165"}],"wp:attachment":[{"href":"https:\/\/www.manologarciaycia.com\/index.php?rest_route=%2Fwp%2Fv2%2Fmedia&parent=2161"}],"wp:term":[{"taxonomy":"category","embeddable":true,"href":"https:\/\/www.manologarciaycia.com\/index.php?rest_route=%2Fwp%2Fv2%2Fcategories&post=2161"},{"taxonomy":"post_tag","embeddable":true,"href":"https:\/\/www.manologarciaycia.com\/index.php?rest_route=%2Fwp%2Fv2%2Ftags&post=2161"}],"curies":[{"name":"wp","href":"https:\/\/api.w.org\/{rel}","templated":true}]}}