{"id":214,"date":"2010-01-06T12:50:18","date_gmt":"2010-01-06T11:50:18","guid":{"rendered":"http:\/\/petaos.net\/?p=214"},"modified":"2010-01-06T12:51:09","modified_gmt":"2010-01-06T11:51:09","slug":"manolo-garcia-el-14-de-enero-en-una-charla-coloquio-en-upv","status":"publish","type":"post","link":"https:\/\/www.manologarciaycia.com\/?p=214","title":{"rendered":"Manolo Garc\u00eda el 14 de enero en una charla coloquio en UPV"},"content":{"rendered":"<h2>El cantante y compositor Manolo Garc\u00eda ofrecer\u00e1 el 14 de enero una charla coloquio en la UPV<\/h2>\n<p>El cantante y compositor Manolo Garc\u00eda ofrecer\u00e1 el pr\u00f3ximo 14 de enero una charla-coloquio en la Universidad Polit\u00e9cnica de Valencia (UPV), inform\u00f3 hoy la instituci\u00f3n acad\u00e9mica en un comunicado.<\/p>\n<p>Manolo Garc\u00eda, considerado una de las principales referencias musicales espa\u00f1olas de las \u00faltimas d\u00e9cadas, estar\u00e1 acompa\u00f1ado de Jos\u00e9 Saborit, del Departamento de Pintura de la UPV, y Lola Mascarell, directora del Aula de Narrativa del Vicerrectorado de Cultura, Comunicaci\u00f3n e Imagen Institucional de la UPV.<\/p>\n<p><\/p>\n<p>Fuente: Europapress &#8211; UP. <a href=\"http:\/\/www.europapress.es\/comunitat-valenciana\/noticia-cantante-compositor-manolo-garcia-ofrecera-14-enero-charla-coloquio-upv-20100105142247.html\" target=\"_blank\">Enlace<\/a><\/p>\n<p>El encuentro, llevado a cabo como acto de presentaci\u00f3n tanto del propio Aula de Narrativa UPV como del Aula de Poes\u00eda UPV que dirige Elena Escribano, comenzar\u00e1 a las 19.30 horas y ser\u00e1 de acceso libre hasta completar el aforo del sal\u00f3n de actos del edificio Nexus.<\/p>\n<p>Nacido en Poblenou (Barcelona) el 19 de agosto de 1955, Manolo Garc\u00eda compagina su labor como compositor y cantante con la de pintor amateur, si bien tambi\u00e9n trabaj\u00f3 en su d\u00eda como dise\u00f1ador gr\u00e1fico. Tras sus inicios como bater\u00eda en grupos como Materia Gris y Sat\u00e1n, Manolo Garc\u00eda comenz\u00f3 su periplo como vocalista con Silma y su Conjunto. Con Los R\u00e1pidos graba su primer disco en 1980, grupo al que pronto se unir\u00eda un guitarra proveniente de Kul de Mandril: Quimi Portet.<\/p>\n<p>Con \u00e9l, formar\u00eda Los Burros, conjunto que no funcion\u00f3 comercialmente pese al respaldo de la cr\u00edtica. Sin embargo, el \u00e9xito les llegar\u00eda a ambos con El \u00faltimo de la fila (1985-1995), con el que vender\u00edan millones de copias de sus ocho discos.<\/p>\n<p>Tras la separaci\u00f3n del grupo, Manolo Garc\u00eda arranca una brillante carrera en solitario que le ha convertido en uno de los m\u00fasicos m\u00e1s queridos, respetados y valorados por p\u00fablico y cr\u00edtica del actual panorama nacional.<\/p>\n<p>Fuente: Europapress &#8211; UPV<\/p>\n","protected":false},"excerpt":{"rendered":"<p>El cantante y compositor Manolo Garc\u00eda ofrecer\u00e1 el 14 de enero una charla coloquio en la UPV El cantante y compositor Manolo Garc\u00eda ofrecer\u00e1 el pr\u00f3ximo 14 de enero una charla-coloquio en la Universidad Polit\u00e9cnica de Valencia (UPV), inform\u00f3 hoy la instituci\u00f3n acad\u00e9mica en un comunicado. Manolo Garc\u00eda, considerado una de las principales referencias musicales<a class=\"moretag\" href=\"https:\/\/www.manologarciaycia.com\/?p=214\" title=\"Manolo Garc\u00eda el 14 de enero en una charla coloquio en UPV\" target=\"_self\" rel=\"follow\"> <font face=arial size=2>[Leer m\u00e1s]<\/font> <\/a><\/p>\n","protected":false},"author":2,"featured_media":0,"comment_status":"closed","ping_status":"open","sticky":false,"template":"","format":"standard","meta":{"footnotes":""},"categories":[1],"tags":[49],"class_list":["post-214","post","type-post","status-publish","format-standard","hentry","category-manolo-garcia","tag-manolo-garcia-coloquio-charla-upv-valencia"],"_links":{"self":[{"href":"https:\/\/www.manologarciaycia.com\/index.php?rest_route=\/wp\/v2\/posts\/214","targetHints":{"allow":["GET"]}}],"collection":[{"href":"https:\/\/www.manologarciaycia.com\/index.php?rest_route=\/wp\/v2\/posts"}],"about":[{"href":"https:\/\/www.manologarciaycia.com\/index.php?rest_route=\/wp\/v2\/types\/post"}],"author":[{"embeddable":true,"href":"https:\/\/www.manologarciaycia.com\/index.php?rest_route=\/wp\/v2\/users\/2"}],"replies":[{"embeddable":true,"href":"https:\/\/www.manologarciaycia.com\/index.php?rest_route=%2Fwp%2Fv2%2Fcomments&post=214"}],"version-history":[{"count":2,"href":"https:\/\/www.manologarciaycia.com\/index.php?rest_route=\/wp\/v2\/posts\/214\/revisions"}],"predecessor-version":[{"id":216,"href":"https:\/\/www.manologarciaycia.com\/index.php?rest_route=\/wp\/v2\/posts\/214\/revisions\/216"}],"wp:attachment":[{"href":"https:\/\/www.manologarciaycia.com\/index.php?rest_route=%2Fwp%2Fv2%2Fmedia&parent=214"}],"wp:term":[{"taxonomy":"category","embeddable":true,"href":"https:\/\/www.manologarciaycia.com\/index.php?rest_route=%2Fwp%2Fv2%2Fcategories&post=214"},{"taxonomy":"post_tag","embeddable":true,"href":"https:\/\/www.manologarciaycia.com\/index.php?rest_route=%2Fwp%2Fv2%2Ftags&post=214"}],"curies":[{"name":"wp","href":"https:\/\/api.w.org\/{rel}","templated":true}]}}