{"id":2133,"date":"2011-12-12T13:54:55","date_gmt":"2011-12-12T12:54:55","guid":{"rendered":"http:\/\/www.manologarciaycia.com\/?p=2133"},"modified":"2011-12-12T13:55:45","modified_gmt":"2011-12-12T12:55:45","slug":"mg-la-vida-mejor-en-3d","status":"publish","type":"post","link":"https:\/\/www.manologarciaycia.com\/?p=2133","title":{"rendered":"MG: La vida, mejor en 3D"},"content":{"rendered":"<p><img loading=\"lazy\" decoding=\"async\" class=\"alignleft\" src=\"http:\/\/www.andaluciainformacion.es\/sistema\/fotos\/articulos-113090.jpg\" alt=\"\" width=\"359\" height=\"360\" \/><br \/>\nManolo Garc\u00eda visit\u00f3 Sevilla para promocionar su nuevo disco Los d\u00edas intactos, y entre entrevistas y visitas a radios y televisiones tuvo tiempo de comparecer en la Fnac, en la c\u00e9ntrica Avenida de la Constituci\u00f3n, y firmar ejemplares de su nuevo trabajo. Fue espectacular ver c\u00f3mo la cola de seguidores, deseosos de un contacto con el cantante, se iba agigantando dentro y fuera de las instalaciones.<\/p>\n<p>En un momento de cierta tensi\u00f3n, el cantante se levant\u00f3 y tras tranquilizar magistralmente los \u00e1nimos dijo: \u201cSi no da tiempo antes de que cierre el establecimiento seguir\u00e9 firmando en la calle. Os atender\u00e9 a todos\u201d. Una actitud que demuestra la profesionalidad, sensibilidad y buen hacer de este artista, que ha conseguido con este disco alcanzar durante varias semanas el primer puesto de las listas de ventas en nuestro pa\u00eds y llegar al coraz\u00f3n de miles de fieles fans que abarrotar\u00e1n cada uno de sus pr\u00f3ximos conciertos.<\/p>\n<p>Anunciada hace pocos d\u00edas su pr\u00f3xima gira nacional, queda por saber qu\u00e9 fecha ser\u00e1 la elegida para su actuaci\u00f3n en Sevilla. El polifac\u00e9tico artista har\u00e1, sin duda, vibrar al p\u00fablico sevillano una vez tenga cerrada su actuaci\u00f3n en la ciudad, con un repertorio basado en su \u00faltimo trabajo y el recuerdo de algunos de sus temas m\u00e1s conocidos. Estaremos ante un multitudinario concierto a tenor de la expectaci\u00f3n creada con su visita a Fnac.<br \/>\nSu nuevo \u00e1lbum, \u2018Los d\u00edas intactos\u2019, lleva varias semanas n\u00famero uno en ventas en Espa\u00f1a. \u00bfSe siente en su mejor momento creativo?<\/p>\n<p>\u2013Siempre me siento en mi mejor momento creativo porque, obviamente, es el \u00fanico que tengo, y pensando tambi\u00e9n, una vez he acabado el disco, que el pr\u00f3ximo ser\u00e1 mejor.En alguna ocasi\u00f3n ha comentado que no siente inter\u00e9s por internet.<\/p>\n<p>\u00bfA qu\u00e9 se debe?<\/p>\n<p>\u2013Soy perro callejero y me interesa m\u00e1s la vida en tres dimensiones que la vida en fotos o pantallas. Prefiero gastar mi tiempo en museos, bibliotecas o bares. Consultar, ligar o beber con sus aut\u00e9nticos sabores, olores y colores.<\/p>\n<p>\u00bfD\u00f3nde se encuentra m\u00e1s a gusto, en los escenarios o en los estudios de grabaci\u00f3n?<\/p>\n<p>\u2013De distinta manera, las dos situaciones son placenteras. En la primera, porque trabajas en equipo y en comuni\u00f3n con el p\u00fablico, y en la segunda, porque trabajas para otro equipo y en introversi\u00f3n.<\/p>\n<p>\u00bfQu\u00e9 siente cuando a la puerta de un centro comercial hay cientos o miles de fans esperando para que usted les firme un disco?<\/p>\n<p>\u2013Lo mismo que sent\u00ed un d\u00eda en la feria de Barbate. Que la vida en este planeta es estupenda y muy recomendable si pudi\u00e9semos hablar con alien\u00edgenas de otros sistemas solares. Y sobre todo, me siento agradecido.<\/p>\n<p>\u00bfTiene fecha y localizaci\u00f3n su pr\u00f3ximo concierto en Sevilla?<\/p>\n<p>\u2013De momento creo que no hay una fecha cerrada pero seguro que tocar\u00e9 en Sevilla. Es cita obligada para m\u00ed.<\/p>\n<p>Fuente: Andaluc\u00eda Informaci\u00f3n &#8211; <a href=\"http:\/\/www.andaluciainformacion.es\/portada\/?a=205497&amp;i=1&amp;f=0\" target=\"_new\">Enlace<\/a><\/p>\n","protected":false},"excerpt":{"rendered":"<p>Manolo Garc\u00eda visit\u00f3 Sevilla para promocionar su nuevo disco Los d\u00edas intactos, y entre entrevistas y visitas a radios y televisiones tuvo tiempo de comparecer en la Fnac, en la c\u00e9ntrica Avenida de la Constituci\u00f3n, y firmar ejemplares de su nuevo trabajo. Fue espectacular ver c\u00f3mo la cola de seguidores, deseosos de un contacto con<a class=\"moretag\" href=\"https:\/\/www.manologarciaycia.com\/?p=2133\" title=\"MG: La vida, mejor en 3D\" target=\"_self\" rel=\"follow\"> <font face=arial size=2>[Leer m\u00e1s]<\/font> <\/a><\/p>\n","protected":false},"author":2,"featured_media":0,"comment_status":"closed","ping_status":"closed","sticky":false,"template":"","format":"standard","meta":{"footnotes":""},"categories":[1],"tags":[],"class_list":["post-2133","post","type-post","status-publish","format-standard","hentry","category-manolo-garcia"],"_links":{"self":[{"href":"https:\/\/www.manologarciaycia.com\/index.php?rest_route=\/wp\/v2\/posts\/2133","targetHints":{"allow":["GET"]}}],"collection":[{"href":"https:\/\/www.manologarciaycia.com\/index.php?rest_route=\/wp\/v2\/posts"}],"about":[{"href":"https:\/\/www.manologarciaycia.com\/index.php?rest_route=\/wp\/v2\/types\/post"}],"author":[{"embeddable":true,"href":"https:\/\/www.manologarciaycia.com\/index.php?rest_route=\/wp\/v2\/users\/2"}],"replies":[{"embeddable":true,"href":"https:\/\/www.manologarciaycia.com\/index.php?rest_route=%2Fwp%2Fv2%2Fcomments&post=2133"}],"version-history":[{"count":3,"href":"https:\/\/www.manologarciaycia.com\/index.php?rest_route=\/wp\/v2\/posts\/2133\/revisions"}],"predecessor-version":[{"id":2136,"href":"https:\/\/www.manologarciaycia.com\/index.php?rest_route=\/wp\/v2\/posts\/2133\/revisions\/2136"}],"wp:attachment":[{"href":"https:\/\/www.manologarciaycia.com\/index.php?rest_route=%2Fwp%2Fv2%2Fmedia&parent=2133"}],"wp:term":[{"taxonomy":"category","embeddable":true,"href":"https:\/\/www.manologarciaycia.com\/index.php?rest_route=%2Fwp%2Fv2%2Fcategories&post=2133"},{"taxonomy":"post_tag","embeddable":true,"href":"https:\/\/www.manologarciaycia.com\/index.php?rest_route=%2Fwp%2Fv2%2Ftags&post=2133"}],"curies":[{"name":"wp","href":"https:\/\/api.w.org\/{rel}","templated":true}]}}