{"id":2125,"date":"2011-12-10T12:20:43","date_gmt":"2011-12-10T11:20:43","guid":{"rendered":"http:\/\/www.manologarciaycia.com\/?p=2125"},"modified":"2011-12-10T13:56:02","modified_gmt":"2011-12-10T12:56:02","slug":"mg-el-18-en-pagina-2-la-2","status":"publish","type":"post","link":"https:\/\/www.manologarciaycia.com\/?p=2125","title":{"rendered":"MG: El d\u00eda 18 en P\u00e1gina 2 (La 2)"},"content":{"rendered":"<p>El d\u00eda 18 Manolo Garc\u00eda en P\u00e1gina 2 de La 2 RTVE:<\/p>\n<p><img loading=\"lazy\" decoding=\"async\" class=\"alignleft\" src=\"http:\/\/a1.twimg.com\/profile_images\/1361026582\/Pagina2v2_normal.jpg\" alt=\"\" width=\"48\" height=\"48\" \/>Esta semana hemos entrevistado a Manolo Garcia por su reciente libro y se muestra como un gran lector. Se emite el 18. Ma\u00f1ana P Coelho.<\/p>\n<p>Fuente: Twitter de P\u00e1gina 2 &#8211; <a href=\"http:\/\/twitter.com\/#!\/pagina2_tve\/status\/145449219719835648\" target=\"_blank\">ENLACE<\/a><\/p>\n","protected":false},"excerpt":{"rendered":"<p>El d\u00eda 18 Manolo Garc\u00eda en P\u00e1gina 2 de La 2 RTVE: Esta semana hemos entrevistado a Manolo Garcia por su reciente libro y se muestra como un gran lector. Se emite el 18. Ma\u00f1ana P Coelho. Fuente: Twitter de P\u00e1gina 2 &#8211; ENLACE<a class=\"moretag\" href=\"https:\/\/www.manologarciaycia.com\/?p=2125\" title=\"MG: El d\u00eda 18 en P\u00e1gina 2 (La 2)\" target=\"_self\" rel=\"follow\"> <font face=arial size=2>[Leer m\u00e1s]<\/font> <\/a><\/p>\n","protected":false},"author":2,"featured_media":0,"comment_status":"closed","ping_status":"closed","sticky":false,"template":"","format":"standard","meta":{"footnotes":""},"categories":[1],"tags":[],"class_list":["post-2125","post","type-post","status-publish","format-standard","hentry","category-manolo-garcia"],"_links":{"self":[{"href":"https:\/\/www.manologarciaycia.com\/index.php?rest_route=\/wp\/v2\/posts\/2125","targetHints":{"allow":["GET"]}}],"collection":[{"href":"https:\/\/www.manologarciaycia.com\/index.php?rest_route=\/wp\/v2\/posts"}],"about":[{"href":"https:\/\/www.manologarciaycia.com\/index.php?rest_route=\/wp\/v2\/types\/post"}],"author":[{"embeddable":true,"href":"https:\/\/www.manologarciaycia.com\/index.php?rest_route=\/wp\/v2\/users\/2"}],"replies":[{"embeddable":true,"href":"https:\/\/www.manologarciaycia.com\/index.php?rest_route=%2Fwp%2Fv2%2Fcomments&post=2125"}],"version-history":[{"count":2,"href":"https:\/\/www.manologarciaycia.com\/index.php?rest_route=\/wp\/v2\/posts\/2125\/revisions"}],"predecessor-version":[{"id":2127,"href":"https:\/\/www.manologarciaycia.com\/index.php?rest_route=\/wp\/v2\/posts\/2125\/revisions\/2127"}],"wp:attachment":[{"href":"https:\/\/www.manologarciaycia.com\/index.php?rest_route=%2Fwp%2Fv2%2Fmedia&parent=2125"}],"wp:term":[{"taxonomy":"category","embeddable":true,"href":"https:\/\/www.manologarciaycia.com\/index.php?rest_route=%2Fwp%2Fv2%2Fcategories&post=2125"},{"taxonomy":"post_tag","embeddable":true,"href":"https:\/\/www.manologarciaycia.com\/index.php?rest_route=%2Fwp%2Fv2%2Ftags&post=2125"}],"curies":[{"name":"wp","href":"https:\/\/api.w.org\/{rel}","templated":true}]}}