{"id":2109,"date":"2011-12-09T08:47:09","date_gmt":"2011-12-09T07:47:09","guid":{"rendered":"http:\/\/petaos.net\/?p=2109"},"modified":"2011-12-09T08:47:09","modified_gmt":"2011-12-09T07:47:09","slug":"mg-manolo-garcia-%c2%bfconcierto-en-julio-en-el-iberoamericano","status":"publish","type":"post","link":"https:\/\/www.manologarciaycia.com\/?p=2109","title":{"rendered":"MG: Manolo Garc\u00eda, \u00bfconcierto en julio en el Iberoamericano?"},"content":{"rendered":"<p><img loading=\"lazy\" decoding=\"async\" class=\"alignright\" src=\"http:\/\/media.grupojoly.com\/imagen.php?imagen=\/\/0000981000\/0000981350.jpg&amp;an=580&amp;alt=440&amp;checkSize=1\" alt=\"\" width=\"335\" height=\"180\" \/> \u00bfActuar\u00e1 el cantante en el Foro Iberoamericano de La R\u00e1bida el pr\u00f3ximo 6 de julio?<\/p>\n<p>Esta es la pregunta que muchos seguidores del artista se hacen desde la tarde de ayer, cuando el anuncio de su concierto en tierras onubenses desapareci\u00f3 sin previo aviso de su web oficial. Los fans del m\u00fasico, \u00e1vidos de verle sobre el escenario (desde 2008, cuando actu\u00f3 en Gibrale\u00f3n, no ha pasado por la provincia), tendr\u00e1n que esperar a que Perro Records confirme o no la fecha anunciada y posteriormente eliminada para comprar las entradas cuanto antes o perder la ilusi\u00f3n por ver a su \u00eddolo en fechas cercanas.<\/p>\n<p>En principio la web oficial anunci\u00f3 27 fechas de la gira de 2012, que arrancar\u00eda el 10 de febrero en Roquetas de Mar y ten\u00eda como \u00faltima fecha publicada el 6 de julio en Huelva, donde estaba previsto que el autor de P\u00e1jaros De Barro diera buena muestra de la calidad de la riqueza de Los d\u00edas intactos, su \u00faltimo \u00e1lbum.<\/p>\n<p>Un trabajo, el quinto de su extensa carrera en solitario, que se ha grabado en Music Lan Recording Studios en Figueres (Girona) y en Ocean Way Recording (Los Angeles), m\u00edticos estudios donde han trabajado artistas tan emblem\u00e1ticos como Sinatra, Ray Charles, The Rolling Stones, Eric Clapton o Red Hot Chili Peppers, entre otros muchos.<\/p>\n<p>All\u00ed se rode\u00f3 Manolo Garc\u00eda de m\u00fasicos de la talla de Waddy Wachtel , Leland Sklar o Kenny Aronoff, artistas que han acompa\u00f1ado a Bob Dylan, Keith Richards, James Taylor, Elton John, Stevie Nicks, Jackson Browne, Rolling Stones, Ray Charles, Randy Newman, Rod Stewart, B.B. King o Tom Waits.<\/p>\n<p>La publicaci\u00f3n del reciente \u00e1lbum de Garc\u00eda se ha producido dos a\u00f1os despu\u00e9s de haber finalizado la gira de su anterior disco Saldremos a la lluvia, que vio la luz en 2008 y era el cuarto \u00e1lbum de su carrera en solitario. Antes hab\u00eda lanzado Para que no se duerman mis sentidos (2004), Nunca el tiempo es perdido (2001) y Arena en los bolsillos (1998).<\/p>\n<p>Despu\u00e9s de sus etapas en el seno de Los R\u00e1pidos, Los Burros y, sobre todo, El \u00daltimo De La Fila, Manolo Garc\u00eda ha demostrado no necesitar a nadie para vender millones de \u00e1lbumes. Y la estela sigue ahora con Los D\u00edas Intactos, que incluye los \u00e9xitos Un giro teatral, Todos amamos desesperadamente o Un a\u00f1o y otro a\u00f1o.<\/p>\n<p>A la vez que public\u00f3 Los d\u00edas intactos, el artista edit\u00f3 tambi\u00e9n el libro El fruto de la rama m\u00e1s alta, que contiene escritos, los dibujos y pinturas de los \u00faltimos a\u00f1os realizados por \u00e9l, as\u00ed como las letras del nuevo \u00e1lbum.<\/p>\n<p>El pasado mes de octubre, adem\u00e1s, tambi\u00e9n se inaugur\u00f3 una exposici\u00f3n de pinturas y dibujos de Manolo Garc\u00eda en el Centro Cultural de la Fundaci\u00f3n C\u00edrculo de Lectores de Barcelona. Est\u00e1 previsto que a partir de enero la muestra viaje a Madrid.<\/p>\n<p>Fuente: Huelva Informaci\u00f3n &#8211; <a href=\"http:\/\/www.huelvainformacion.es\/article\/ocio\/1134208\/manolo\/garcia\/concierto\/julio\/iberoamericano.html\" target=\"_blank\">ENLACE<\/a><\/p>\n","protected":false},"excerpt":{"rendered":"<p>\u00bfActuar\u00e1 el cantante en el Foro Iberoamericano de La R\u00e1bida el pr\u00f3ximo 6 de julio? Esta es la pregunta que muchos seguidores del artista se hacen desde la tarde de ayer, cuando el anuncio de su concierto en tierras onubenses desapareci\u00f3 sin previo aviso de su web oficial. Los fans del m\u00fasico, \u00e1vidos de verle<a class=\"moretag\" href=\"https:\/\/www.manologarciaycia.com\/?p=2109\" title=\"MG: Manolo Garc\u00eda, \u00bfconcierto en julio en el Iberoamericano?\" target=\"_self\" rel=\"follow\"> <font face=arial size=2>[Leer m\u00e1s]<\/font> <\/a><\/p>\n","protected":false},"author":2,"featured_media":0,"comment_status":"closed","ping_status":"closed","sticky":false,"template":"","format":"standard","meta":{"footnotes":""},"categories":[1],"tags":[],"class_list":["post-2109","post","type-post","status-publish","format-standard","hentry","category-manolo-garcia"],"_links":{"self":[{"href":"https:\/\/www.manologarciaycia.com\/index.php?rest_route=\/wp\/v2\/posts\/2109","targetHints":{"allow":["GET"]}}],"collection":[{"href":"https:\/\/www.manologarciaycia.com\/index.php?rest_route=\/wp\/v2\/posts"}],"about":[{"href":"https:\/\/www.manologarciaycia.com\/index.php?rest_route=\/wp\/v2\/types\/post"}],"author":[{"embeddable":true,"href":"https:\/\/www.manologarciaycia.com\/index.php?rest_route=\/wp\/v2\/users\/2"}],"replies":[{"embeddable":true,"href":"https:\/\/www.manologarciaycia.com\/index.php?rest_route=%2Fwp%2Fv2%2Fcomments&post=2109"}],"version-history":[{"count":1,"href":"https:\/\/www.manologarciaycia.com\/index.php?rest_route=\/wp\/v2\/posts\/2109\/revisions"}],"predecessor-version":[{"id":2110,"href":"https:\/\/www.manologarciaycia.com\/index.php?rest_route=\/wp\/v2\/posts\/2109\/revisions\/2110"}],"wp:attachment":[{"href":"https:\/\/www.manologarciaycia.com\/index.php?rest_route=%2Fwp%2Fv2%2Fmedia&parent=2109"}],"wp:term":[{"taxonomy":"category","embeddable":true,"href":"https:\/\/www.manologarciaycia.com\/index.php?rest_route=%2Fwp%2Fv2%2Fcategories&post=2109"},{"taxonomy":"post_tag","embeddable":true,"href":"https:\/\/www.manologarciaycia.com\/index.php?rest_route=%2Fwp%2Fv2%2Ftags&post=2109"}],"curies":[{"name":"wp","href":"https:\/\/api.w.org\/{rel}","templated":true}]}}