{"id":21080,"date":"2020-06-19T05:25:10","date_gmt":"2020-06-19T03:25:10","guid":{"rendered":"https:\/\/www.manologarciaycia.com\/?p=21080"},"modified":"2020-06-19T05:25:17","modified_gmt":"2020-06-19T03:25:17","slug":"ardio-mi-memoria-acustico-manolo-garcia","status":"publish","type":"post","link":"https:\/\/www.manologarciaycia.com\/?p=21080","title":{"rendered":"Ardi\u00f3 mi memoria, Ac\u00fastico. Manolo Garc\u00eda"},"content":{"rendered":"\n<p>Manolo Garc\u00eda presenta Ardi\u00f3 Mi Memoria (Ac\u00fastico), tercer adelanto de su doble \u00e1lbum \u00abAc\u00fastico, ac\u00fastico, ac\u00fastico\u00bb. Primer directo en Ac\u00fastico de toda su extensa carrera musical.<\/p>\n\n\n\n<p>\u00abMenti y me mentiste y me senti caleidoscopico insecto: polvo y alas rotas en el temblor de una particula de nada. \u00bfPorque si no te pertenezco pienso en ti? \u00bfPorque si no habitamos multitudes me dejas solo? \u00bfPor que si no te pertenezco estas en mi?\u00bb<\/p>\n\n\n\n<p>Reservalo ya! <a href=\"https:\/\/manologarcia.lnk.to\/DirectoAcustico\">https:\/\/manologarcia.lnk.to\/DirectoAcustico<\/a><\/p>\n","protected":false},"excerpt":{"rendered":"<p>Manolo Garc\u00eda presenta Ardi\u00f3 Mi Memoria (Ac\u00fastico), tercer adelanto de su doble \u00e1lbum \u00abAc\u00fastico, ac\u00fastico, ac\u00fastico\u00bb. Primer directo en Ac\u00fastico de toda su extensa carrera musical. \u00abMenti y me mentiste y me senti caleidoscopico insecto: polvo y alas rotas en el temblor de una particula de nada. \u00bfPorque si no te pertenezco pienso en ti?<a class=\"moretag\" href=\"https:\/\/www.manologarciaycia.com\/?p=21080\" title=\"Ardi\u00f3 mi memoria, Ac\u00fastico. Manolo Garc\u00eda\" target=\"_self\" rel=\"follow\"> <font face=arial size=2>[Leer m\u00e1s]<\/font> <\/a><\/p>\n","protected":false},"author":2,"featured_media":0,"comment_status":"closed","ping_status":"closed","sticky":false,"template":"","format":"video","meta":{"footnotes":""},"categories":[1],"tags":[],"class_list":["post-21080","post","type-post","status-publish","format-video","hentry","category-manolo-garcia","post_format-post-format-video"],"_links":{"self":[{"href":"https:\/\/www.manologarciaycia.com\/index.php?rest_route=\/wp\/v2\/posts\/21080","targetHints":{"allow":["GET"]}}],"collection":[{"href":"https:\/\/www.manologarciaycia.com\/index.php?rest_route=\/wp\/v2\/posts"}],"about":[{"href":"https:\/\/www.manologarciaycia.com\/index.php?rest_route=\/wp\/v2\/types\/post"}],"author":[{"embeddable":true,"href":"https:\/\/www.manologarciaycia.com\/index.php?rest_route=\/wp\/v2\/users\/2"}],"replies":[{"embeddable":true,"href":"https:\/\/www.manologarciaycia.com\/index.php?rest_route=%2Fwp%2Fv2%2Fcomments&post=21080"}],"version-history":[{"count":1,"href":"https:\/\/www.manologarciaycia.com\/index.php?rest_route=\/wp\/v2\/posts\/21080\/revisions"}],"predecessor-version":[{"id":21082,"href":"https:\/\/www.manologarciaycia.com\/index.php?rest_route=\/wp\/v2\/posts\/21080\/revisions\/21082"}],"wp:attachment":[{"href":"https:\/\/www.manologarciaycia.com\/index.php?rest_route=%2Fwp%2Fv2%2Fmedia&parent=21080"}],"wp:term":[{"taxonomy":"category","embeddable":true,"href":"https:\/\/www.manologarciaycia.com\/index.php?rest_route=%2Fwp%2Fv2%2Fcategories&post=21080"},{"taxonomy":"post_tag","embeddable":true,"href":"https:\/\/www.manologarciaycia.com\/index.php?rest_route=%2Fwp%2Fv2%2Ftags&post=21080"}],"curies":[{"name":"wp","href":"https:\/\/api.w.org\/{rel}","templated":true}]}}