{"id":21074,"date":"2020-06-18T10:02:42","date_gmt":"2020-06-18T08:02:42","guid":{"rendered":"https:\/\/www.manologarciaycia.com\/?p=21074"},"modified":"2020-06-18T10:02:46","modified_gmt":"2020-06-18T08:02:46","slug":"ardio-mi-memoria-tercer-adelanto-acustico","status":"publish","type":"post","link":"https:\/\/www.manologarciaycia.com\/?p=21074","title":{"rendered":"Ardi\u00f3 mi memoria, tercer adelanto Ac\u00fastico!"},"content":{"rendered":"\n<p>Os adelantamos en primicia que ma\u00f1ana viernes 19 de Junio se lanza el tercer adelanto del nuevo disco en directo de Manolo Garc\u00eda, Ac\u00fastico, ac\u00fastico, ac\u00fastico.<\/p>\n\n\n\n<p>En este caso se trata del tema Ardi\u00f3 mi Memoria, elegido como tercer adelanto, tras los dos que se lanzaron durante Mayo y Junio &#8211; Somos Levedad y A San Fernando &#8211; que tambi\u00e9n os adelantamos en exclusiva.<br>Tal y como publicamos en su d\u00eda, Ac\u00fastico en Directo es un doble CD y doble DVD, que ser\u00e1 lanzado el pr\u00f3ximo 3 de Julio de 2020.<\/p>\n\n\n\n<p>Con Olvido Lanza, Ricardo Mar\u00edn, V\u00edctor Iniesta, Josete Ord\u00f3\u00f1ez, Juan Carlos Garcia, I\u00f1igo Goldaracena y Charly Sard\u00e1<\/p>\n\n\n\n<p>Aunque ya lo ten\u00e9is disponible para reservar en forma de distintos packs, en distintas plataformas a trav\u00e9s de este enlace: <a rel=\"noreferrer noopener\" href=\"https:\/\/manologarcia.lnk.to\/DirectoAcusticoAW\" target=\"_blank\">https:\/\/manologarcia.lnk.to\/DirectoAcusticoAW<\/a><\/p>\n","protected":false},"excerpt":{"rendered":"<p>Os adelantamos en primicia que ma\u00f1ana viernes 19 de Junio se lanza el tercer adelanto del nuevo disco en directo de Manolo Garc\u00eda, Ac\u00fastico, ac\u00fastico, ac\u00fastico. En este caso se trata del tema Ardi\u00f3 mi Memoria, elegido como tercer adelanto, tras los dos que se lanzaron durante Mayo y Junio &#8211; Somos Levedad y A<a class=\"moretag\" href=\"https:\/\/www.manologarciaycia.com\/?p=21074\" title=\"Ardi\u00f3 mi memoria, tercer adelanto Ac\u00fastico!\" target=\"_self\" rel=\"follow\"> <font face=arial size=2>[Leer m\u00e1s]<\/font> <\/a><\/p>\n","protected":false},"author":2,"featured_media":0,"comment_status":"closed","ping_status":"closed","sticky":false,"template":"","format":"video","meta":{"footnotes":""},"categories":[1],"tags":[],"class_list":["post-21074","post","type-post","status-publish","format-video","hentry","category-manolo-garcia","post_format-post-format-video"],"_links":{"self":[{"href":"https:\/\/www.manologarciaycia.com\/index.php?rest_route=\/wp\/v2\/posts\/21074","targetHints":{"allow":["GET"]}}],"collection":[{"href":"https:\/\/www.manologarciaycia.com\/index.php?rest_route=\/wp\/v2\/posts"}],"about":[{"href":"https:\/\/www.manologarciaycia.com\/index.php?rest_route=\/wp\/v2\/types\/post"}],"author":[{"embeddable":true,"href":"https:\/\/www.manologarciaycia.com\/index.php?rest_route=\/wp\/v2\/users\/2"}],"replies":[{"embeddable":true,"href":"https:\/\/www.manologarciaycia.com\/index.php?rest_route=%2Fwp%2Fv2%2Fcomments&post=21074"}],"version-history":[{"count":1,"href":"https:\/\/www.manologarciaycia.com\/index.php?rest_route=\/wp\/v2\/posts\/21074\/revisions"}],"predecessor-version":[{"id":21076,"href":"https:\/\/www.manologarciaycia.com\/index.php?rest_route=\/wp\/v2\/posts\/21074\/revisions\/21076"}],"wp:attachment":[{"href":"https:\/\/www.manologarciaycia.com\/index.php?rest_route=%2Fwp%2Fv2%2Fmedia&parent=21074"}],"wp:term":[{"taxonomy":"category","embeddable":true,"href":"https:\/\/www.manologarciaycia.com\/index.php?rest_route=%2Fwp%2Fv2%2Fcategories&post=21074"},{"taxonomy":"post_tag","embeddable":true,"href":"https:\/\/www.manologarciaycia.com\/index.php?rest_route=%2Fwp%2Fv2%2Ftags&post=21074"}],"curies":[{"name":"wp","href":"https:\/\/api.w.org\/{rel}","templated":true}]}}