{"id":21062,"date":"2020-06-17T14:07:29","date_gmt":"2020-06-17T12:07:29","guid":{"rendered":"https:\/\/www.manologarciaycia.com\/?p=21062"},"modified":"2020-06-17T14:14:06","modified_gmt":"2020-06-17T12:14:06","slug":"manolo-garcia-en-carne-cruda-radio-eldiario-es","status":"publish","type":"post","link":"https:\/\/www.manologarciaycia.com\/?p=21062","title":{"rendered":"Manolo Garc\u00eda en Carne Cruda Radio (ElDiario.es)"},"content":{"rendered":"\n<p>Manolo Garc\u00eda: el \u00faltimo de la fila. Entrevistamos al cantautor que estrena doble trabajo: libro y disco. Un programa musical de la mano del Sr. Sanabria.<\/p>\n\n\n\n<p>Uno de los m\u00e1s grandes desembarca en Carne Cruda: Manolo Garc\u00eda. El cantautor se estrena en la carnicer\u00eda por partida doble con un libro y un disco. En este \u00faltimo recopila lo mejor de los 55 conciertos de su primera gira en ac\u00fastico en un CD y un DVD conjuntos titulado \u201cAc\u00fastico, ac\u00fastico, ac\u00fastico\u201d.<\/p>\n\n\n\n<p>Fuente: Carne Cruda &#8211; ElDiario.es &#8211; <a href=\"https:\/\/www.eldiario.es\/carnecruda\/programas\/Manolo-Garcia-ultimo-fila_6_1038756141.html\" target=\"_blank\" rel=\"noreferrer noopener\">ENLACE<\/a><\/p>\n","protected":false},"excerpt":{"rendered":"<p>Manolo Garc\u00eda: el \u00faltimo de la fila. Entrevistamos al cantautor que estrena doble trabajo: libro y disco. Un programa musical de la mano del Sr. Sanabria. Uno de los m\u00e1s grandes desembarca en Carne Cruda: Manolo Garc\u00eda. El cantautor se estrena en la carnicer\u00eda por partida doble con un libro y un disco. En este<a class=\"moretag\" href=\"https:\/\/www.manologarciaycia.com\/?p=21062\" title=\"Manolo Garc\u00eda en Carne Cruda Radio (ElDiario.es)\" target=\"_self\" rel=\"follow\"> <font face=arial size=2>[Leer m\u00e1s]<\/font> <\/a><\/p>\n","protected":false},"author":2,"featured_media":0,"comment_status":"closed","ping_status":"closed","sticky":false,"template":"","format":"audio","meta":{"footnotes":""},"categories":[1],"tags":[],"class_list":["post-21062","post","type-post","status-publish","format-audio","hentry","category-manolo-garcia","post_format-post-format-audio"],"_links":{"self":[{"href":"https:\/\/www.manologarciaycia.com\/index.php?rest_route=\/wp\/v2\/posts\/21062","targetHints":{"allow":["GET"]}}],"collection":[{"href":"https:\/\/www.manologarciaycia.com\/index.php?rest_route=\/wp\/v2\/posts"}],"about":[{"href":"https:\/\/www.manologarciaycia.com\/index.php?rest_route=\/wp\/v2\/types\/post"}],"author":[{"embeddable":true,"href":"https:\/\/www.manologarciaycia.com\/index.php?rest_route=\/wp\/v2\/users\/2"}],"replies":[{"embeddable":true,"href":"https:\/\/www.manologarciaycia.com\/index.php?rest_route=%2Fwp%2Fv2%2Fcomments&post=21062"}],"version-history":[{"count":7,"href":"https:\/\/www.manologarciaycia.com\/index.php?rest_route=\/wp\/v2\/posts\/21062\/revisions"}],"predecessor-version":[{"id":21070,"href":"https:\/\/www.manologarciaycia.com\/index.php?rest_route=\/wp\/v2\/posts\/21062\/revisions\/21070"}],"wp:attachment":[{"href":"https:\/\/www.manologarciaycia.com\/index.php?rest_route=%2Fwp%2Fv2%2Fmedia&parent=21062"}],"wp:term":[{"taxonomy":"category","embeddable":true,"href":"https:\/\/www.manologarciaycia.com\/index.php?rest_route=%2Fwp%2Fv2%2Fcategories&post=21062"},{"taxonomy":"post_tag","embeddable":true,"href":"https:\/\/www.manologarciaycia.com\/index.php?rest_route=%2Fwp%2Fv2%2Ftags&post=21062"}],"curies":[{"name":"wp","href":"https:\/\/api.w.org\/{rel}","templated":true}]}}