{"id":21055,"date":"2020-06-16T15:48:47","date_gmt":"2020-06-16T13:48:47","guid":{"rendered":"https:\/\/www.manologarciaycia.com\/?p=21055"},"modified":"2020-06-16T15:49:08","modified_gmt":"2020-06-16T13:49:08","slug":"manolo-garcia-me-siento-mas-libre-en-una-playa-banandome-desnudo-que-pegado-a-una-realidad-virtual","status":"publish","type":"post","link":"https:\/\/www.manologarciaycia.com\/?p=21055","title":{"rendered":"MANOLO GARC\u00cdA: \u201cME SIENTO M\u00c1S LIBRE EN UNA PLAYA BA\u00d1\u00c1NDOME DESNUDO QUE PEGADO A UNA REALIDAD VIRTUAL\u201d"},"content":{"rendered":"\n<p>El cantante publica \u2018El fin del principio\u2019, un poemario con reflexiones vitales.<\/p>\n\n\n\n<p><strong>Manolo Garc\u00eda<\/strong>\u00a0es uno de esos hombres renacentistas, al modo de\u00a0<strong>Leonardo DaVinci<\/strong>, que prueba distintos campos, en su caso, art\u00edsticos. De hecho, est\u00e1\u00a0a punto de publicar disco, ser\u00e1 el pr\u00f3ximo 3 de julio, y antes, nos hace la espera m\u00e1s llevadera con un libro que recoge tanto textos como dibujos propios.<\/p>\n\n\n\n<p><em>El fin del principio<\/em>, as\u00ed se llama esta colecci\u00f3n de\u00a0<strong>reflexiones vitales<\/strong>\u00a0que nos hablan del paso del tiempo, la tecnolog\u00eda, la naturaleza, el amor, en definitiva, la vida. Una visi\u00f3n muy personal del mundo que nos ayuda a adentrarnos un poco m\u00e1s en el universo de este cantante que anhela un modo de hacer las cosas distinto al que predomina.PUBLICIDAD<\/p>\n\n\n\n<p><strong>Lo tuyo con los libros viene de muy lejos, \u00bfno?<\/strong><\/p>\n\n\n\n<p>Yo era un ni\u00f1o rarete. Los chavales de mi barrio jugaban a la pelota, iban al parque y yo tambi\u00e9n, pero iba m\u00e1s a la biblioteca que para m\u00ed fue un descubrimiento. Desde los 13, 14 a\u00f1os empec\u00e9 a descubrir c\u00f3mics, me empec\u00e9 a meter en el mundo de&nbsp;<em>Tint\u00edn<\/em>. Me iba a la biblioteca y descubr\u00eda a&nbsp;<strong>Jack London<\/strong>, ya hab\u00eda descubierto a&nbsp;<strong>Salgari<\/strong>, a&nbsp;<strong>Verne<\/strong>. Ese mundo te acompa\u00f1a siempre.<\/p>\n\n\n\n<p><strong><em>El fin del principio<\/em><\/strong><strong>, \u00bfa qu\u00e9 hace referencia el t\u00edtulo que has escogido?<\/strong><\/p>\n\n\n\n<p>En m\u00ed siempre ha habido una inquietud y una reflexi\u00f3n en cuanto al comportamiento de los humanos sobre el planeta Tierra, de c\u00f3mo nos estamos comportando y c\u00f3mo vivimos respecto a la naturaleza. Somos una tribu global, para bien y para mal y no estamos obrando razonablemente, sino que lo estamos haciendo de manera bastante destructiva. Los pl\u00e1sticos en los mares, la contaminaci\u00f3n del aire\u2026 ha habido un principio, pero esto se est\u00e1 acabando, hemos llegado a un l\u00edmite muy bonito, hemos inventado al final de todo la lavadora, el lavaplatos, la vacuna contra el sida lamentablemente no, pero se ha inventado la penicilina\u2026 ahora llega otra nueva etapa y es el principio de una segunda parte, el planeta con un grado o grado y poco m\u00e1s de temperatura y subiendo si no paramos las emisiones y nuestro modo de producir energ\u00eda y consumir. Estamos dejando el fin del principio y estamos entrando en el inicio de la segunda parte y est\u00e1 en nuestras manos que sea mejor o sea peor, depende de nosotros.<img decoding=\"async\" src=\"https:\/\/los40es00.epimg.net\/los40\/imagenes\/2020\/06\/05\/los40classic\/1591378119_117893_1591378759_sumario_normal.jpg\" alt=\"\"><\/p>\n\n\n\n<p><strong>&#8216;El fin del principio&#8217;, una colecci\u00f3n de pensamientos propios.&nbsp;\/&nbsp;Foto cedida por Aguilar<\/strong><\/p>\n\n\n\n<p><strong>De hecho, en tu libro hay un poema en el que dices que todos deber\u00edamos ser Greta Thunberg.<\/strong><\/p>\n\n\n\n<p>La gente joven, la que ahora tiene 15, 18 a\u00f1os tienen que luchar, es su futuro y todos deber\u00edamos estar con ellos, es de ley, todas las generaciones, incluso la gente m\u00e1s mayor que va a vivir menos, tiene la obligaci\u00f3n moral.<\/p>\n\n\n\n<p><strong>Conoci\u00e9ndote, cuando he empezado a leerlo, he dejado el diccionario a mi lado, \u00bfc\u00f3mo eres capaz de recordar un vocabulario tan rico?<\/strong><\/p>\n\n\n\n<p>En bachillerato descubr\u00ed que detestaba las matem\u00e1ticas y que la parte de mi cerebro que deb\u00eda asumir el tema de las matem\u00e1ticas se pon\u00eda al rojo vivo y no funcionaba y, en cambio, en la otra parte de mi cerebro, la art\u00edstica y de creaci\u00f3n, las neuronas se pon\u00edan a bailar de contento. Son muchos a\u00f1os de mucha lectura. Con\u00a0<strong>El \u00faltimo de la fila<\/strong>\u00a0viaj\u00e1bamos mucho en autob\u00fas con camas, eso se hace mucho en Estados Unidos, y cuando hab\u00eda viajes largos, a cien por hora, porque el autob\u00fas no puede pasar de ah\u00ed, todo el mundo era como \u2018qu\u00e9 co\u00f1azo\u2019 y yo era \u2018qu\u00e9 bien, la cantidad de horas que tengo para ponerme musiquita y leer\u2019. Era feliz y eso me ha dado un l\u00e9xico inmenso.<\/p>\n\n\n\n<p><strong>He seleccionado 10 versos de este poemario que nos da pie a tratar diversos temas. \u00bfTe parece que los comentemos?<\/strong><\/p>\n\n\n\n<p>Muy bien.<\/p>\n\n\n\n<blockquote class=\"wp-block-quote is-layout-flow wp-block-quote-is-layout-flow\"><p>Yo soy de los que abrazan \u00e1rboles o hablan con el cactus de la terraza.<\/p><\/blockquote>\n\n\n\n<h2 class=\"wp-block-heading\"><strong>#1. \u201cUn poco de amor no puede hacerme da\u00f1o\u201d (Un poco de amor)<\/strong><\/h2>\n\n\n\n<p><strong>\u00bfDel que das o del que recibes?<\/strong><\/p>\n\n\n\n<p>Yo siempre he pensado que era mejor dar. Cuando habla de amor, hablo de amor en todas direcciones, no tengo esa fijaci\u00f3n de amor entre seres humanos, es amor en general, he sentido algo muy abierto hacia la naturaleza. Me gustan los \u00e1rboles. Esas cosas que se dicen que, a veces, dan un poco de risa, \u2018mira, este abraza a los \u00e1rboles o habla con las macetas\u2019. Pues yo ser\u00eda de esos, de los que abrazan \u00e1rboles o hablan con el cactus que tienen en la terraza. Es amor a la vida.<\/p>\n\n\n\n<p><strong>Un artista y de \u00e9xito como t\u00fa, recibe mucho amor, \u00bfno?<\/strong><\/p>\n\n\n\n<p>Soy consciente de eso, la gente me trata con mucho afecto, lo agradezco y lo disfruto, pero nadie va por ah\u00ed pidi\u00e9ndolo porque eso ser\u00eda un problema. El intercambio de afectos es inherente al ser humano. El amor es una cosa estupenda, como dir\u00edan los\u00a0<strong>Beatles<\/strong>, lo que necesitamos es amor.<\/p>\n\n\n\n<h2 class=\"wp-block-heading\"><strong>#2. \u201cDe repente, en esa foto de tu madre con diecinueve a\u00f1os descubres los oxidados botes de conserva donde plantaba sus geranios\u201d (Recuerdo de acontecimiento extremo)<\/strong><\/h2>\n\n\n\n<p><strong>\u00bfQu\u00e9 supone la familia para ti?<\/strong><\/p>\n\n\n\n<p>La familia en un n\u00facleo, en su fuerza estriba un poco tu vida. Lo que has vivido en la infancia, el nutriente que te ha dado la familia es lo que t\u00fa llevas como defensa en tu vida de adulto. Hay patolog\u00edas en los adultos que provienen de la infancia. Yo creo que es important\u00edsimo, vital, que sea una infancia sana, con cari\u00f1o, que tus padres est\u00e9n contigo, que te quieran, juntos o separados, pero con la capacidad de amar y expresarlo, eso que ahora no se puede, abrazos, besos. Una cosa fundamental para m\u00ed es el amor entre hermanos, dos hermanos que se llevan mal, duele, piensas, \u2018Dios m\u00edo, \u00bfc\u00f3mo puede ser eso?\u2019. El n\u00facleo familiar es que te va a salvar de la quema.<\/p>\n\n\n\n<p><strong>\u00bfY has heredado eso de plantar geranios en botes de conservas?<\/strong><\/p>\n\n\n\n<p>Es lo que ve\u00eda en el barrio obrero donde me he criado. No hab\u00eda dinero y era una pr\u00e1ctica muy com\u00fan. Las amas de casa plantaban geranios en latas de conservas, es muy de pueblo. Ahora hemos ascendido de categor\u00eda, pero entonces, los barrios, ten\u00edan muchos balcones con botes de conserva, esa es la imagen.<\/p>\n\n\n\n<blockquote class=\"wp-block-quote is-layout-flow wp-block-quote-is-layout-flow\"><p>Vivimos en un mundo al hilo del consumo y yo me niego.<\/p><\/blockquote>\n\n\n\n<h2 class=\"wp-block-heading\"><strong>#3. \u201cTe enviar\u00e9 casetes con mis bravatas de viva voz\u201d (Completamente loco)<\/strong><\/h2>\n\n\n\n<p><strong>\u00bfNostalgia de tiempos pasados?<\/strong><\/p>\n\n\n\n<p>Para nada, yo vivo el presente absolutamente pero s\u00ed valoro y agradezco todo lo pasado. Soy un poco de los que piensan que corremos demasiado y que cambiamos demasiado deprisa de todo. Las cosas deber\u00edan durar m\u00e1s, eso que llaman obsoleto (obsolescencia programada), la bombilla que hacen para que dure determinado tiempo, o el ordenador y tengas que comprarte otro. Eso no me parece bien. Si el casete me ha dado alegr\u00eda y me gusta, por qu\u00e9 no me permit\u00eds que pueda pervivir con ello. Vivimos en un mundo al hilo del consumo y yo me niego. Tengo mi peque\u00f1a colecci\u00f3n de casetes de toda la vida y los pongo, se rompe, con el bol\u00edgrafo\u2026 no quiero renunciar al CD, me apena que los coches ya no lo lleven. Tampoco soy un abuelo cebolleta.<\/p>\n\n\n\n<h2 class=\"wp-block-heading\"><strong>#4. \u201cYa no quiero ser n\u00f3mada, quiero ser excursionista mental\u201d (Excursionista mental)<\/strong><\/h2>\n\n\n\n<p><strong>Con lo viajero que t\u00fa eres no te veo renunciando a eso.<\/strong><\/p>\n\n\n\n<p>Mi viaje siempre ha sido por la m\u00fasica, para cantar, para ir a lugares a tocar, nunca he sido turista, con todo el respeto. Una vez hice un viaje a un lugar en plan turista y no me gust\u00f3, me divert\u00ed, pero no. Soy n\u00f3mada, pero con mi guitarra a cuestas.<\/p>\n\n\n\n<p><strong>De no haber sido m\u00fasico, \u00bfno te habr\u00eda dado por viajar?<\/strong><\/p>\n\n\n\n<p>S\u00ed podr\u00eda haber sido un viajero, pero no un turista. Un viajero al uso de los viajeros del siglo XIX, ese estilo bayroniano que digo en alg\u00fan poema. El turismo como lo concebimos ahora, en el siglo XXI no me interesa, con perd\u00f3n. Con los a\u00f1os, te desaceleras porque est\u00e1 todo m\u00e1s visto, hemos homogeneizado el planeta. Est\u00e1s en Tokyo, en Barcelona o Nueva York, los anuncios luminosos son los mismos, el Burger King es el mismo, el Zara de turno es el mismo, este rollo planetario lo detesto. Otra cosa es que llegues a Pek\u00edn, a Madagascar o Bagdad y veas cosas que te quedes asombrado, veas otra forma de vestir, otro clima, otra bot\u00e1nica, ah\u00ed merece la pena el viaje.<\/p>\n\n\n\n<blockquote class=\"wp-block-quote is-layout-flow wp-block-quote-is-layout-flow\"><p>Detesto que me feliciten el cumplea\u00f1os.<\/p><\/blockquote>\n\n\n\n<h2 class=\"wp-block-heading\"><strong>#5. \u201cUno setenta y cinco y menguando\u201d (Y menguando)<\/strong><\/h2>\n\n\n\n<p><strong>\u00bfQu\u00e9 tal llevas el paso del tiempo?<\/strong><\/p>\n\n\n\n<p>Fatal, no me gusta nada, de hecho, me niego y digo que no. Detesto que me feliciten el cumplea\u00f1os, \u2018quer\u00e9is iros a la mierda, yo no cumplo a\u00f1os, dejadme en paz\u2019. Soy un ni\u00f1o, tengo la misma ilusi\u00f3n que un crio, busco la magia que nos rodeaba cuando \u00e9ramos ni\u00f1os, esa manera de vivir cada d\u00eda de una manera fascinante y fascinado. Me interesa la vitalidad, la ilusi\u00f3n y la energ\u00eda hasta el \u00faltimo aliento, la gente derrotada que dice \u2018a mi edad\u2019\u2026 perdona, esto es un insulto a los dioses.<\/p>\n\n\n\n<h2 class=\"wp-block-heading\"><strong>#6. \u201cPueblos habitados. Pastores trashumantes\u201d (Alegre coraz\u00f3n)<\/strong><\/h2>\n\n\n\n<p><strong>\u00bfLa Espa\u00f1a vac\u00eda te duele?<\/strong><\/p>\n\n\n\n<p>S\u00ed, yo creo que es un error reunir a tanta gente en unos espacios concretos, dotados de m\u00e1quinas y coches que contaminan, y en cambio, otras zonas queden deshabitadas. Creo que las tribus tendr\u00edan que estar m\u00e1s dispersas, a modo indio. El lugar con m\u00e1s longevidad es la isla de Okinawa y es porque son peque\u00f1as comunidades que viven en comunidad y se ayudan, se re\u00fanen para tomar el t\u00e9, cuidar el huerto, son peque\u00f1as aldeas y hay personas de ciento y pico a\u00f1os. Esa vida en peque\u00f1as agrupaciones humanas, socialmente bien avenidas, va bien.<\/p>\n\n\n\n<h2 class=\"wp-block-heading\"><strong>#7. \u201cAmo a los guanches, a los sioux y a los guaran\u00edes\u201d (Amo bastante)<\/strong><\/h2>\n\n\n\n<p><strong>Ahora que el tema del racismo est\u00e1 tan candente t\u00fa dejas clara tu posici\u00f3n, \u00bfc\u00f3mo valoras lo que est\u00e1 sucediendo?<\/strong><\/p>\n\n\n\n<p>Es terrible, es catastr\u00f3fico. El racismo es terrible y lo que est\u00e1 sucediendo, la violencia en las calles, el desparrame proviene de una insatisfacci\u00f3n de la vida. Mucha gente en cualquier parte del mundo ve unas desigualdades sociales inquietantes, muy bestias. En una primera potencia, como puede ser Estados Unidos, hay una pobreza lacerante, duele. Yo lo he visto, he estado grabando discos all\u00ed y me he movido por diferentes estados y me he sentido rechazado siendo hispano. He sido mexicano en Kentucky y me han tomado por mexicano y me han mirado mal.<img decoding=\"async\" src=\"https:\/\/los40es00.epimg.net\/los40\/imagenes\/2020\/06\/05\/los40classic\/1591378119_117893_1591379138_sumario_normal.jpg\" alt=\"\"><\/p>\n\n\n\n<p><strong>Uno de los poemas y dibujos de &#8216;El fin del principio&#8217;.&nbsp;\/&nbsp;Foto cedida por Aguilar<\/strong><\/p>\n\n\n\n<h2 class=\"wp-block-heading\"><strong>#8. \u201cCabrona maquinita succionadora de vida\u201d (Cabrona maquinita)<\/strong><\/h2>\n\n\n\n<p><strong>\u00bfCu\u00e1l es tu relaci\u00f3n con el m\u00f3vil?<\/strong><\/p>\n\n\n\n<p>Yo soy tecnof\u00f3bico, no me complace nada. Te estoy hablando con un tel\u00e9fono de 35 euros y hasta ah\u00ed llego.<\/p>\n\n\n\n<p><strong>\u00bfNo tienes whatsapp?<\/strong><\/p>\n\n\n\n<p>No tengo whatsapp y me piden hacer entrevistas por Skype y digo que no, disculpa, pero no me da buen rollo, o nos vemos cara a cara o\u2026 yo s\u00ed uso m\u00e1quinas para hacer m\u00fasica, y hay una parte de la tecnolog\u00eda que la comprendo y la acepto pero lo que no acepto y comprendo es que estemos atados a una bola de hierro en el tobillo que es esa pertenencia a un club magn\u00edfico al que todos estamos conectados, todos hablamos, somos libres\u2026 no estoy muy de acuerdo, no creo que seamos m\u00e1s libres. Yo me siento m\u00e1s libre en una playa ba\u00f1\u00e1ndome desnudo, o ba\u00f1\u00e1ndome con ba\u00f1ador o sentado en una terraza hablando con los amigos. Me siento as\u00ed m\u00e1s libre que pegado a una realidad virtual.<\/p>\n\n\n\n<h2 class=\"wp-block-heading\"><strong>#9. \u201cLa sola idea de pensar que estoy en boca de alguien, que se especula sobre mi persona, me provoca una ansiedad desmesurada\u201d (Confesi\u00f3n)<\/strong><\/h2>\n\n\n\n<p><strong>\u00bfHasta ese punto?<\/strong><\/p>\n\n\n\n<p>No es un poema autobiogr\u00e1fico, es una historia de una persona que ya no est\u00e1 en este planeta desde hace bastantes a\u00f1os. Pero un poco s\u00ed que me reflejo en eso. Soy lector y lees la biograf\u00eda de Falkner y quer\u00eda escribir y estar en su casa trabajando, las entrevistas y las visitas\u2026 no digo que haya que ser tan hosco y para dentro, yo soy extrovertido y s\u00e9 que soy simp\u00e1tico, pero no tengo una querencia hacia el cotilleo y el chismorreo, que normalmente es para hacer da\u00f1o. Lo mejor de ti es tu obra, lo otro, eres como todo el mundo. Llevas pantalones, conduces un coche\u2026las vidas son bastantes similares. Shakespeare se iba a la cama y se levantaba por la noche a hacer pip\u00ed, como todo el mundo. La obra es lo importante.<\/p>\n\n\n\n<blockquote class=\"wp-block-quote is-layout-flow wp-block-quote-is-layout-flow\"><p>No salgo en la portada de mis discos peroquelo importante no soy yo, son mis canciones.<\/p><\/blockquote>\n\n\n\n<p><strong>\u00bfTu discreci\u00f3n te viene de lejos?<\/strong><\/p>\n\n\n\n<p>De jovencito no ten\u00eda ni idea de que iba a ganarme la vida como m\u00fasico y a que iba a tener una cierta popularidad, a ser puntualmente conocido, yo ya era discreto. Me he convertido en na persona que est\u00e1 expuesta a la opini\u00f3n y la mirada p\u00fablico, pero intento llevarlo con cautela. Mi ego no es tan grande. Entiendo que mis cosas de ciudadano com\u00fan no son tan importantes como para ser contadas. Es una de las razones por la que no salgo en las portadas de mis discos. Siempre hay una ilustraci\u00f3n, un dibujo, una foto de algo o de alguien, pero nunca m\u00eda, es una declaraci\u00f3n de principios. No salgo en la portada de mis discos porque lo importante no soy yo, son mis canciones.<\/p>\n\n\n\n<h2 class=\"wp-block-heading\"><strong>#10. \u201cHe vuelto a las andadas: amo y odio al mundo\u201d (He vuelto a las andadas)<\/strong><\/h2>\n\n\n\n<p><strong>\u00bfCon la misma intensidad?<\/strong><\/p>\n\n\n\n<p>El mundo te alienta y te decepciona por momentos. Ves la imagen del hombre con la rodilla en el cuello del hombre sabiendo que est\u00e1 muri\u00e9ndose y odias el mundo. Ves la imagen, tres segundos despu\u00e9s, de polic\u00edas rodilla en tierra pidiendo perd\u00f3n y amas el mundo.<\/p>\n\n\n\n<p>Fuente: Los40 &#8211; Cristina Zavala &#8211; <a href=\"https:\/\/los40.com\/los40\/2020\/06\/05\/los40classic\/1591378119_117893.html\" target=\"_blank\" rel=\"noreferrer noopener\">ENLACE<\/a><\/p>\n","protected":false},"excerpt":{"rendered":"<p>El cantante publica \u2018El fin del principio\u2019, un poemario con reflexiones vitales. Manolo Garc\u00eda\u00a0es uno de esos hombres renacentistas, al modo de\u00a0Leonardo DaVinci, que prueba distintos campos, en su caso, art\u00edsticos. De hecho, est\u00e1\u00a0a punto de publicar disco, ser\u00e1 el pr\u00f3ximo 3 de julio, y antes, nos hace la espera m\u00e1s llevadera con un libro<a class=\"moretag\" href=\"https:\/\/www.manologarciaycia.com\/?p=21055\" title=\"MANOLO GARC\u00cdA: \u201cME SIENTO M\u00c1S LIBRE EN UNA PLAYA BA\u00d1\u00c1NDOME DESNUDO QUE PEGADO A UNA REALIDAD VIRTUAL\u201d\" target=\"_self\" rel=\"follow\"> <font face=arial size=2>[Leer m\u00e1s]<\/font> <\/a><\/p>\n","protected":false},"author":2,"featured_media":21057,"comment_status":"closed","ping_status":"closed","sticky":false,"template":"","format":"standard","meta":{"footnotes":""},"categories":[1],"tags":[],"class_list":["post-21055","post","type-post","status-publish","format-standard","has-post-thumbnail","hentry","category-manolo-garcia"],"_links":{"self":[{"href":"https:\/\/www.manologarciaycia.com\/index.php?rest_route=\/wp\/v2\/posts\/21055","targetHints":{"allow":["GET"]}}],"collection":[{"href":"https:\/\/www.manologarciaycia.com\/index.php?rest_route=\/wp\/v2\/posts"}],"about":[{"href":"https:\/\/www.manologarciaycia.com\/index.php?rest_route=\/wp\/v2\/types\/post"}],"author":[{"embeddable":true,"href":"https:\/\/www.manologarciaycia.com\/index.php?rest_route=\/wp\/v2\/users\/2"}],"replies":[{"embeddable":true,"href":"https:\/\/www.manologarciaycia.com\/index.php?rest_route=%2Fwp%2Fv2%2Fcomments&post=21055"}],"version-history":[{"count":1,"href":"https:\/\/www.manologarciaycia.com\/index.php?rest_route=\/wp\/v2\/posts\/21055\/revisions"}],"predecessor-version":[{"id":21058,"href":"https:\/\/www.manologarciaycia.com\/index.php?rest_route=\/wp\/v2\/posts\/21055\/revisions\/21058"}],"wp:featuredmedia":[{"embeddable":true,"href":"https:\/\/www.manologarciaycia.com\/index.php?rest_route=\/wp\/v2\/media\/21057"}],"wp:attachment":[{"href":"https:\/\/www.manologarciaycia.com\/index.php?rest_route=%2Fwp%2Fv2%2Fmedia&parent=21055"}],"wp:term":[{"taxonomy":"category","embeddable":true,"href":"https:\/\/www.manologarciaycia.com\/index.php?rest_route=%2Fwp%2Fv2%2Fcategories&post=21055"},{"taxonomy":"post_tag","embeddable":true,"href":"https:\/\/www.manologarciaycia.com\/index.php?rest_route=%2Fwp%2Fv2%2Ftags&post=21055"}],"curies":[{"name":"wp","href":"https:\/\/api.w.org\/{rel}","templated":true}]}}