{"id":2105,"date":"2011-12-08T09:02:13","date_gmt":"2011-12-08T08:02:13","guid":{"rendered":"http:\/\/petaos.net\/?p=2105"},"modified":"2011-12-08T09:02:13","modified_gmt":"2011-12-08T08:02:13","slug":"mg-primeras-fechas-de-conciertos-oficiales","status":"publish","type":"post","link":"https:\/\/www.manologarciaycia.com\/?p=2105","title":{"rendered":"MG: Primeras Fechas de conciertos OFICIALES"},"content":{"rendered":"<p>Febrero:<br \/>\n10 Roquetas (Almer\u00eda). Teatro Auditorio<br \/>\n11 Roquetas (Almer\u00eda). Teatro Auditorio<br \/>\n18 Murcia. Auditorio y Centro de Congresos V\u00edctor Villegas<br \/>\n19 Murcia. Auditorio y Centro de Congresos V\u00edctor Villegas<br \/>\n24 Talavera de la Reina. Recinto Ferial<\/p>\n<p>Marzo:<br \/>\n2 Mallorca. Trui Teatre<br \/>\n8 Valencia. Palacio de Congresos<br \/>\n9 Valencia. Palacio de Congresos<br \/>\n16 M\u00e1laga. M\u00e1laga Auditorium Club<br \/>\n17 M\u00e1laga. M\u00e1laga Auditorium Club<br \/>\n22 Zaragoza. Auditorio, Sala Mozart<br \/>\n23 Zaragoza. Auditorio, Sala Mozart<\/p>\n<p>Abril:<br \/>\n13 Madrid. Palacio Municipal de Congresos del Campo de las Naciones<br \/>\n14 Madrid. Palacio Municipal de Congresos del Campo de las Naciones<br \/>\n19 Madrid. Palacio Municipal de Congresos del Campo de las Naciones<br \/>\n20 Madrid. Palacio Municipal de Congresos del Campo de las Naciones<br \/>\n27 Madrid. Palacio Municipal de Congresos del Campo de las Naciones<br \/>\n28 Madrid. Palacio Municipal de Congresos del Campo de las Naciones<\/p>\n<p>Mayo:<br \/>\n4 Barcelona. Teatre Coliseum<br \/>\n5 Barcelona. Teatre Coliseum<br \/>\n10 Barcelona. Teatre Coliseum<br \/>\n11 Barcelona. Teatre Coliseum<br \/>\n23 Barcelona. Teatre Coliseum<br \/>\n25 Barcelona. Palau de la M\u00fasica<\/p>\n<p>Junio:<br \/>\n2 Ja\u00e9n. Auditorio de la Alameda<br \/>\n22 C\u00f3rdoba. Teatro Auditorio La Axerqu\u00eda<\/p>\n<p>Julio:<br \/>\n6 Huelva. Foro Iberoamericano de La R\u00e1bida<br \/>\nENTRADAS A LA VENTA A PARTIR 15 DE DICIEMBRE<\/p>\n<p>Fuente: P\u00e1gina oficial Manolo Garc\u00eda (http:\/\/www.manolo-garcia.com)<\/p>\n","protected":false},"excerpt":{"rendered":"<p>Febrero: 10 Roquetas (Almer\u00eda). Teatro Auditorio 11 Roquetas (Almer\u00eda). Teatro Auditorio 18 Murcia. Auditorio y Centro de Congresos V\u00edctor Villegas 19 Murcia. Auditorio y Centro de Congresos V\u00edctor Villegas 24 Talavera de la Reina. Recinto Ferial Marzo: 2 Mallorca. Trui Teatre 8 Valencia. Palacio de Congresos 9 Valencia. Palacio de Congresos 16 M\u00e1laga. M\u00e1laga Auditorium<a class=\"moretag\" href=\"https:\/\/www.manologarciaycia.com\/?p=2105\" title=\"MG: Primeras Fechas de conciertos OFICIALES\" target=\"_self\" rel=\"follow\"> <font face=arial size=2>[Leer m\u00e1s]<\/font> <\/a><\/p>\n","protected":false},"author":2,"featured_media":0,"comment_status":"closed","ping_status":"closed","sticky":false,"template":"","format":"standard","meta":{"footnotes":""},"categories":[1],"tags":[],"class_list":["post-2105","post","type-post","status-publish","format-standard","hentry","category-manolo-garcia"],"_links":{"self":[{"href":"https:\/\/www.manologarciaycia.com\/index.php?rest_route=\/wp\/v2\/posts\/2105","targetHints":{"allow":["GET"]}}],"collection":[{"href":"https:\/\/www.manologarciaycia.com\/index.php?rest_route=\/wp\/v2\/posts"}],"about":[{"href":"https:\/\/www.manologarciaycia.com\/index.php?rest_route=\/wp\/v2\/types\/post"}],"author":[{"embeddable":true,"href":"https:\/\/www.manologarciaycia.com\/index.php?rest_route=\/wp\/v2\/users\/2"}],"replies":[{"embeddable":true,"href":"https:\/\/www.manologarciaycia.com\/index.php?rest_route=%2Fwp%2Fv2%2Fcomments&post=2105"}],"version-history":[{"count":1,"href":"https:\/\/www.manologarciaycia.com\/index.php?rest_route=\/wp\/v2\/posts\/2105\/revisions"}],"predecessor-version":[{"id":2106,"href":"https:\/\/www.manologarciaycia.com\/index.php?rest_route=\/wp\/v2\/posts\/2105\/revisions\/2106"}],"wp:attachment":[{"href":"https:\/\/www.manologarciaycia.com\/index.php?rest_route=%2Fwp%2Fv2%2Fmedia&parent=2105"}],"wp:term":[{"taxonomy":"category","embeddable":true,"href":"https:\/\/www.manologarciaycia.com\/index.php?rest_route=%2Fwp%2Fv2%2Fcategories&post=2105"},{"taxonomy":"post_tag","embeddable":true,"href":"https:\/\/www.manologarciaycia.com\/index.php?rest_route=%2Fwp%2Fv2%2Ftags&post=2105"}],"curies":[{"name":"wp","href":"https:\/\/api.w.org\/{rel}","templated":true}]}}