{"id":21035,"date":"2020-06-13T07:57:17","date_gmt":"2020-06-13T05:57:17","guid":{"rendered":"https:\/\/www.manologarciaycia.com\/?p=21035"},"modified":"2020-06-13T07:57:24","modified_gmt":"2020-06-13T05:57:24","slug":"musica-en-acustico-y-poesia-lo-nuevo-de-manolo-garcia","status":"publish","type":"post","link":"https:\/\/www.manologarciaycia.com\/?p=21035","title":{"rendered":"M\u00fasica en ac\u00fastico y poes\u00eda, lo nuevo de Manolo Garc\u00eda"},"content":{"rendered":"\n<p>El cantante y compositor publica su primer libro de poemas y el primer disco en ac\u00fastico. Entrevista en la Torre de Babel de Arag\u00f3n Radio, 13\/6\/2020.<\/p>\n\n\n\n<p>El conocido m\u00fasico y cantante<strong>&nbsp;Manolo Garc\u00eda<\/strong>&nbsp;se ha atrevido a publicar su primer libro de poes\u00eda. Se titula&nbsp;<strong>\u201cEl fin del principio\u201d<\/strong>&nbsp;y es uno de sus trabajos m\u00e1s personales, que pasa por la reflexi\u00f3n, el humor o incluso el activismo.<\/p>\n\n\n\n<p><strong>\u201cEl fin del principio\u201d es un poemario con m\u00e1s 250 p\u00e1ginas de versos e ilustraciones que ha recopilado durante los 3 \u00faltimos a\u00f1os<\/strong>. El m\u00fasico, dedica el libro a sus padres y abuelos &nbsp;y a \u201cesa la gente de la tierra que malviv\u00eda del campo\u201d. En una b\u00fasqueda de la libertad y de hacer lo que m\u00e1s le gusta, el cantante y ahora escritor, habla de las peque\u00f1as cosas de la vida, de esa \u201cchispa real de los d\u00edas\u201d y de c\u00f3mo apreciarlas para convertirlas en felicidad.<\/p>\n\n\n\n<p>La poes\u00eda no es lo \u00fanico en lo que se estrena el m\u00fasico.&nbsp;<strong>El pr\u00f3ximo 3 de julio, saldr\u00e1 a la venta un doble \u00e1lbum en directo grabado durante la \u00faltima gira que realiz\u00f3 por Espa\u00f1a en 2019<\/strong>. Se trata,&nbsp; como define Garc\u00eda de un trabajo \u201cac\u00fastico, ac\u00fastico, ac\u00fastico\u201d, y es el primer disco en el que este le planta cara al sonido de la m\u00fasica tal y como se presenta, sin arreglos, enfrent\u00e1ndose como \u00e9l dice \u201ca cuerpo desnudo al todo\u201d.<\/p>\n\n\n\n<p>Un repertorio po\u00e9tico y musical, as\u00ed\u00a0 contin\u00faa sorprendiendo el cantante, despu\u00e9s de 40 a\u00f1os de grandes \u00e9xitos.\u00a0<\/p>\n\n\n\n<p>Fuente. La Torre de Babel &#8211; Arag\u00f3n Radio &#8211; ENLACE<\/p>\n","protected":false},"excerpt":{"rendered":"<p>El cantante y compositor publica su primer libro de poemas y el primer disco en ac\u00fastico. Entrevista en la Torre de Babel de Arag\u00f3n Radio, 13\/6\/2020. El conocido m\u00fasico y cantante&nbsp;Manolo Garc\u00eda&nbsp;se ha atrevido a publicar su primer libro de poes\u00eda. Se titula&nbsp;\u201cEl fin del principio\u201d&nbsp;y es uno de sus trabajos m\u00e1s personales, que pasa<a class=\"moretag\" href=\"https:\/\/www.manologarciaycia.com\/?p=21035\" title=\"M\u00fasica en ac\u00fastico y poes\u00eda, lo nuevo de Manolo Garc\u00eda\" target=\"_self\" rel=\"follow\"> <font face=arial size=2>[Leer m\u00e1s]<\/font> <\/a><\/p>\n","protected":false},"author":2,"featured_media":0,"comment_status":"closed","ping_status":"closed","sticky":false,"template":"","format":"audio","meta":{"footnotes":""},"categories":[1],"tags":[],"class_list":["post-21035","post","type-post","status-publish","format-audio","hentry","category-manolo-garcia","post_format-post-format-audio"],"_links":{"self":[{"href":"https:\/\/www.manologarciaycia.com\/index.php?rest_route=\/wp\/v2\/posts\/21035","targetHints":{"allow":["GET"]}}],"collection":[{"href":"https:\/\/www.manologarciaycia.com\/index.php?rest_route=\/wp\/v2\/posts"}],"about":[{"href":"https:\/\/www.manologarciaycia.com\/index.php?rest_route=\/wp\/v2\/types\/post"}],"author":[{"embeddable":true,"href":"https:\/\/www.manologarciaycia.com\/index.php?rest_route=\/wp\/v2\/users\/2"}],"replies":[{"embeddable":true,"href":"https:\/\/www.manologarciaycia.com\/index.php?rest_route=%2Fwp%2Fv2%2Fcomments&post=21035"}],"version-history":[{"count":1,"href":"https:\/\/www.manologarciaycia.com\/index.php?rest_route=\/wp\/v2\/posts\/21035\/revisions"}],"predecessor-version":[{"id":21037,"href":"https:\/\/www.manologarciaycia.com\/index.php?rest_route=\/wp\/v2\/posts\/21035\/revisions\/21037"}],"wp:attachment":[{"href":"https:\/\/www.manologarciaycia.com\/index.php?rest_route=%2Fwp%2Fv2%2Fmedia&parent=21035"}],"wp:term":[{"taxonomy":"category","embeddable":true,"href":"https:\/\/www.manologarciaycia.com\/index.php?rest_route=%2Fwp%2Fv2%2Fcategories&post=21035"},{"taxonomy":"post_tag","embeddable":true,"href":"https:\/\/www.manologarciaycia.com\/index.php?rest_route=%2Fwp%2Fv2%2Ftags&post=21035"}],"curies":[{"name":"wp","href":"https:\/\/api.w.org\/{rel}","templated":true}]}}