{"id":21003,"date":"2020-06-10T11:35:02","date_gmt":"2020-06-10T09:35:02","guid":{"rendered":"https:\/\/www.manologarciaycia.com\/?p=21003"},"modified":"2020-06-10T11:35:06","modified_gmt":"2020-06-10T09:35:06","slug":"pau-dones-y-quimi-portet","status":"publish","type":"post","link":"https:\/\/www.manologarciaycia.com\/?p=21003","title":{"rendered":"Pau Don\u00e9s y Quimi Portet"},"content":{"rendered":"\n<p>Pau Don\u00e9s y Quimi Portet: \u00ab\u00a1Excelso, sublime como siempre! Lo que yo no sab\u00eda es que ese hecho me iba a hacer el hombre m\u00e1s feliz del universo, porque mi hija Sara cambi\u00f3 mi vida.\u00bb<\/p>\n\n\n\n<p>\u00ab\u00bfOs he hablado alguna vez de mi amigo el Ilustre Quimi Portet (componente del grupo musical El \u00daltimo de la Fila)? Digo \u00abilustre\u00bb porque este adjetivo es lo m\u00e1s alto en la escala de la sabidur\u00eda, mucho m\u00e1s que un maestro o un doctor. Pues estando con el Ilustre Portet en un restaurante digno merecedor de los m\u00e1s altos galardones (Cal Gran, en Llad\u00f3, Girona), compartiendo unas suculentas gambas de Palam\u00f3s, le coment\u00e9 que no ten\u00eda nada claro lo de ser padre. Entonces \u00e9l, casi sin inmutarse, me aleccion\u00f3 con una de sus magistrales teor\u00edas, la del Homo useless:<\/p>\n\n\n\n<p>\u2014Mira, Pau, hay algo que los hombres deber\u00edamos aceptar desde el primer momento, y es que, aparte de para la perpetuaci\u00f3n de la especie (hasta donde yo s\u00e9, el \u00f3vulo necesita de un espermatozoide para crear vida), los hombres no servimos para nada. Somos useless, es decir, in\u00fatiles. El mundo es mundo gracias a las mujeres, a su fuerza, a su coraje, a su valent\u00eda y a su inteligencia, mientras el hombre se pasa el d\u00eda inventando chorradas que no sirven para nada con el fin de hacerse valer. As\u00ed que d\u00e9jate de hostias, porque al fin vas a cumplir con tu cometido, que no es otro (porque as\u00ed lo ha dictado la madre naturaleza) que ayudar a la gestaci\u00f3n de un nuevo ser humano.\u00bb<\/p>\n\n\n\n<p>Fuente: LaTercera &#8211; <a href=\"https:\/\/www.latercera.com\/culto\/2020\/06\/09\/pau-dones-por-si-mismo-a-apenas-dos-meses-de-cumplir-los-49-me-diagnostican-un-cancer-tan-potente-como-la-vida-que-he-llevado\/\" target=\"_blank\" rel=\"noreferrer noopener\">https:\/\/www.latercera.com\/culto\/2020\/06\/09\/pau-dones-por-si-mismo-a-apenas-dos-meses-de-cumplir-los-49-me-diagnostican-un-cancer-tan-potente-como-la-vida-que-he-llevado\/<\/a><\/p>\n\n\n\n<p>#PauDones Quimi Portet #QuimIPortet #HomoUseless<\/p>\n","protected":false},"excerpt":{"rendered":"<p>Pau Don\u00e9s y Quimi Portet: \u00ab\u00a1Excelso, sublime como siempre! Lo que yo no sab\u00eda es que ese hecho me iba a hacer el hombre m\u00e1s feliz del universo, porque mi hija Sara cambi\u00f3 mi vida.\u00bb \u00ab\u00bfOs he hablado alguna vez de mi amigo el Ilustre Quimi Portet (componente del grupo musical El \u00daltimo de la<a class=\"moretag\" href=\"https:\/\/www.manologarciaycia.com\/?p=21003\" title=\"Pau Don\u00e9s y Quimi Portet\" target=\"_self\" rel=\"follow\"> <font face=arial size=2>[Leer m\u00e1s]<\/font> <\/a><\/p>\n","protected":false},"author":2,"featured_media":21004,"comment_status":"closed","ping_status":"closed","sticky":false,"template":"","format":"standard","meta":{"footnotes":""},"categories":[1],"tags":[],"class_list":["post-21003","post","type-post","status-publish","format-standard","has-post-thumbnail","hentry","category-manolo-garcia"],"_links":{"self":[{"href":"https:\/\/www.manologarciaycia.com\/index.php?rest_route=\/wp\/v2\/posts\/21003","targetHints":{"allow":["GET"]}}],"collection":[{"href":"https:\/\/www.manologarciaycia.com\/index.php?rest_route=\/wp\/v2\/posts"}],"about":[{"href":"https:\/\/www.manologarciaycia.com\/index.php?rest_route=\/wp\/v2\/types\/post"}],"author":[{"embeddable":true,"href":"https:\/\/www.manologarciaycia.com\/index.php?rest_route=\/wp\/v2\/users\/2"}],"replies":[{"embeddable":true,"href":"https:\/\/www.manologarciaycia.com\/index.php?rest_route=%2Fwp%2Fv2%2Fcomments&post=21003"}],"version-history":[{"count":1,"href":"https:\/\/www.manologarciaycia.com\/index.php?rest_route=\/wp\/v2\/posts\/21003\/revisions"}],"predecessor-version":[{"id":21005,"href":"https:\/\/www.manologarciaycia.com\/index.php?rest_route=\/wp\/v2\/posts\/21003\/revisions\/21005"}],"wp:featuredmedia":[{"embeddable":true,"href":"https:\/\/www.manologarciaycia.com\/index.php?rest_route=\/wp\/v2\/media\/21004"}],"wp:attachment":[{"href":"https:\/\/www.manologarciaycia.com\/index.php?rest_route=%2Fwp%2Fv2%2Fmedia&parent=21003"}],"wp:term":[{"taxonomy":"category","embeddable":true,"href":"https:\/\/www.manologarciaycia.com\/index.php?rest_route=%2Fwp%2Fv2%2Fcategories&post=21003"},{"taxonomy":"post_tag","embeddable":true,"href":"https:\/\/www.manologarciaycia.com\/index.php?rest_route=%2Fwp%2Fv2%2Ftags&post=21003"}],"curies":[{"name":"wp","href":"https:\/\/api.w.org\/{rel}","templated":true}]}}