{"id":20994,"date":"2020-06-09T12:20:12","date_gmt":"2020-06-09T10:20:12","guid":{"rendered":"https:\/\/www.manologarciaycia.com\/?p=20994"},"modified":"2020-06-09T12:20:15","modified_gmt":"2020-06-09T10:20:15","slug":"buen-viaje-pau","status":"publish","type":"post","link":"https:\/\/www.manologarciaycia.com\/?p=20994","title":{"rendered":"Buen viaje Pau!"},"content":{"rendered":"\n<p>Conciertos del 12 y 13 Dic 2018 en Barcelona, contra el C\u00e1ncer. Con Pau Don\u00e9s y Jarabe de Palo, junto a muchos amigos artistas, entre ellos Manolo Garc\u00eda<\/p>\n\n\n\n<p>\u00abEmoci\u00f3n por desvelar las emociones<br>Por liberar las emociones<br>Desafiando a la verg\u00fcenza\u00bb<\/p>\n\n\n\n<p>\u00abA los que vinisteis a los conciertos. A los que hab\u00e9is participado en la FILA 0. A Luz, La Mari, Rosana, Manolo, Rulo, Dani, kekko, Carlos, Antonio. A Melodia FM, Europa FM, Onda Cero, El Peri\u00f3dico de Catalunya, Luz de Gas. A todos los que de forma directa o indirecta hab\u00e9is colaborado en el proyecto, \u00a1MUCH\u00cdSIMAS GRACIAS!\u00bb<\/p>\n","protected":false},"excerpt":{"rendered":"<p>Conciertos del 12 y 13 Dic 2018 en Barcelona, contra el C\u00e1ncer. Con Pau Don\u00e9s y Jarabe de Palo, junto a muchos amigos artistas, entre ellos Manolo Garc\u00eda \u00abEmoci\u00f3n por desvelar las emocionesPor liberar las emocionesDesafiando a la verg\u00fcenza\u00bb \u00abA los que vinisteis a los conciertos. A los que hab\u00e9is participado en la FILA 0.<a class=\"moretag\" href=\"https:\/\/www.manologarciaycia.com\/?p=20994\" title=\"Buen viaje Pau!\" target=\"_self\" rel=\"follow\"> <font face=arial size=2>[Leer m\u00e1s]<\/font> <\/a><\/p>\n","protected":false},"author":2,"featured_media":0,"comment_status":"closed","ping_status":"closed","sticky":false,"template":"","format":"video","meta":{"footnotes":""},"categories":[1],"tags":[],"class_list":["post-20994","post","type-post","status-publish","format-video","hentry","category-manolo-garcia","post_format-post-format-video"],"_links":{"self":[{"href":"https:\/\/www.manologarciaycia.com\/index.php?rest_route=\/wp\/v2\/posts\/20994","targetHints":{"allow":["GET"]}}],"collection":[{"href":"https:\/\/www.manologarciaycia.com\/index.php?rest_route=\/wp\/v2\/posts"}],"about":[{"href":"https:\/\/www.manologarciaycia.com\/index.php?rest_route=\/wp\/v2\/types\/post"}],"author":[{"embeddable":true,"href":"https:\/\/www.manologarciaycia.com\/index.php?rest_route=\/wp\/v2\/users\/2"}],"replies":[{"embeddable":true,"href":"https:\/\/www.manologarciaycia.com\/index.php?rest_route=%2Fwp%2Fv2%2Fcomments&post=20994"}],"version-history":[{"count":1,"href":"https:\/\/www.manologarciaycia.com\/index.php?rest_route=\/wp\/v2\/posts\/20994\/revisions"}],"predecessor-version":[{"id":20996,"href":"https:\/\/www.manologarciaycia.com\/index.php?rest_route=\/wp\/v2\/posts\/20994\/revisions\/20996"}],"wp:attachment":[{"href":"https:\/\/www.manologarciaycia.com\/index.php?rest_route=%2Fwp%2Fv2%2Fmedia&parent=20994"}],"wp:term":[{"taxonomy":"category","embeddable":true,"href":"https:\/\/www.manologarciaycia.com\/index.php?rest_route=%2Fwp%2Fv2%2Fcategories&post=20994"},{"taxonomy":"post_tag","embeddable":true,"href":"https:\/\/www.manologarciaycia.com\/index.php?rest_route=%2Fwp%2Fv2%2Ftags&post=20994"}],"curies":[{"name":"wp","href":"https:\/\/api.w.org\/{rel}","templated":true}]}}