{"id":2099,"date":"2011-12-07T09:05:51","date_gmt":"2011-12-07T08:05:51","guid":{"rendered":"http:\/\/petaos.net\/?p=2099"},"modified":"2011-12-07T09:12:43","modified_gmt":"2011-12-07T08:12:43","slug":"mg-la-libreta-de-manolo-garcia","status":"publish","type":"post","link":"https:\/\/www.manologarciaycia.com\/?p=2099","title":{"rendered":"MG: La libreta de Manolo Garc\u00eda"},"content":{"rendered":"<p>Hace unos meses tuve el placer de conocer en persona a Manolo Garc\u00eda. Primero, lo entrevist\u00e9 para el programa de tve REDES, y me habl\u00f3 de la emociones que generan la m\u00fasica. Y hace unas semanas, volv\u00ed a quedar con \u00e9l, esta vez para hacer un peque\u00f1o perfil para el suplemento Es, de La Vanguardia. Es una de las secciones con las que m\u00e1s disfruto. No s\u00f3lo te permite conocer a personajes sumamente interesantes sino que adem\u00e1s, te deja un margen bastante amplio para hacer algo creativo. Con Manolo Garc\u00eda era f\u00e1cil. Es encantador, as\u00ed sin m\u00e1s. Muy inteligente, concienciado y comprometido con este mundo loco en el que vivimos, y un rom\u00e1ntico empedernido. Yo por m\u00ed me hubiera tirado horas escuch\u00e1ndolo hablar de la vida, de las prisas, de sus ganas de campo y naturaleza, de la chica del perrito que ve pasear cada ma\u00f1ana en el parque y le tiene el coraz\u00f3n robado..<\/p>\n<p style=\"text-align: center; \"><img loading=\"lazy\" decoding=\"async\" class=\"aligncenter\" src=\"http:\/\/cristinasaez.files.wordpress.com\/2011\/12\/captura-de-pantalla-2011-12-06-a-las-14-35-58.png\" alt=\"\" width=\"664\" height=\"415\" \/><\/p>\n<p style=\"text-align: center; \">\n<p>Desc\u00e1rgalo en PDF <a href=\"http:\/\/cristinasaez.files.wordpress.com\/2011\/12\/0312-nevera-m-garcia.pdf\" target=\"_blank\">AQU\u00cd<\/a><\/p>\n<p><a href=\"http:\/\/cristinasaez.files.wordpress.com\/2011\/12\/0312-nevera-m-garcia.pdf\" target=\"_blank\"><\/a>Gracias a J. Campillo (<a href=\"http:\/\/campillanito.blogspot.com\/\">http:\/\/campillanito.blogspot.com\/<\/a>)\u00a0por encontrarlo. Fuente: Blog de Cristian Sa\u00e9z &#8211; <a style=\"font-family: Georgia, 'Times New Roman', 'Bitstream Charter', Times, serif; font-size: 13px; line-height: 19px; text-align: left; \" href=\"http:\/\/cristinasaez.wordpress.com\/2011\/12\/06\/la-libreta-de-manolo-garcia\/\">http:\/\/cristinasaez.wordpress.com\/2011\/12\/06\/la-libreta-de-manolo-garcia\/<\/a><\/p>\n<p>Cantor, poeta, compositor, pintor. Lleva una vida en los escenarios, en grupos como Los Veloces, Los Burros, El \u00faltimo de la Fila y desde hace un tiempo, como Manolo Garc\u00eda. No le gusta el mundo actual y sue\u00f1a con otras realidades que apunta en una peque\u00f1a libreta<\/p>\n<p><span id=\"more-1556\" style=\"background-image: initial; background-attachment: initial; background-origin: initial; background-clip: initial; background-color: transparent; vertical-align: baseline; background-position: initial initial; background-repeat: initial initial; padding: 0px; margin: 0px; border: 0px initial initial;\"> <\/span><\/p>\n<p>Todo empieza aqu\u00ed. En las hojas de una agenda de esas de toda la vida. Donde antes de la era de internet, apunt\u00e1bamos los tel\u00e9fonos y las direcciones de los amigos y los conocidos, y tach\u00e1bamos los nombres de aquellos que ya no estaban. En ese reducto para nost\u00e1lgicos, Manolo Garc\u00eda escribe y dibuja sin parar ideas que se le embrollan en las neuronas mientras pasea, a pie o en bici, por la ciudad. Mientras charla con alguien en un parque. Mientras ve las noticias. Frases, trazos, garabatos, palabras, miradas, silencios, que al llegar a casa o bien se quedan como est\u00e1n, o bien, m\u00e1s tarde, se convierten en una canci\u00f3n o en un cuadro.<\/p>\n<p>\u201cLas ideas me llegan as\u00ed, de sopet\u00f3n. Pero es s\u00f3lo la punta del hilo, luego a seguir tirando de la madeja. Y llegar a desenredarla es trabajo, porque s\u00f3lo tienes una paginita y hacer de eso una canci\u00f3n son horas y horas\u201d, explica. Y entonces canturrea: \u201cHoy que ya lo s\u00e9, que te he amado tanto, se rompe mi canto en la orilla opuesta a la que puse proa\u2026\u201d y consigue erizar el coraz\u00f3n de quienes le escuchan.<\/p>\n<p>Hay ocasiones, asegura, en las que se queda encallado y no encuentra la manera de avanzar. No logra que salga nada. Y entonces, dice, empieza a odiar la canci\u00f3n. Y la abandona. Hasta que un buen d\u00eda, tiempo despu\u00e9s, quiz\u00e1s meses o a\u00f1os, la abre de nuevo y entonces le parece que no est\u00e1 tan mal. Se reconcilia. Y la acaba. \u201cUn alma de papel es lo que necesito, un alma de papel y alambre\u201d.<\/p>\n<p>Como a Beethoven y a Paul McCartney, las melod\u00edas le asaltan a medianoche. \u201cMe despierto a veces con un trozo de letra o unos acordes, agarro la guitarra, que la tengo al lado de la cama, toco eso que he so\u00f1ado, y lo grabo con una grabadora que hay en la mesilla de noche. A la ma\u00f1ana siguiente lo escucho y me digo: \u00a1Menudo tost\u00f3n! Aunque alguna vez tambi\u00e9n est\u00e1 bien eso que he so\u00f1ado y lo tiro para adelante\u201d.<\/p>\n<p>Manolo Garc\u00eda es un poeta empedernido que sue\u00f1a con otros mundos para poder salvarse, dice, de la vor\u00e1gine. \u201cPor una no estabilidad emocional. No me gusta este mundo en el que vivimos, lleno de v\u00e9rtigo, de tanta rapidez que no me estabilizo. Y mi manera de llegar a un punto de asentamiento es hacer canciones, crear mundos propios on\u00edricos, donde me apaciguo. Yo no soy de este tiempo, no entiendo el ruido de los coches\u201d, y confiesa que le complace refugiarse en las historias que relata Faulkner, de la Am\u00e9rica rural del siglo XIX, o en las p\u00e1ginas de P\u00edo Baroja, o de Gald\u00f3s. \u201cMe gusta ver otros tiempos, donde las aguas de los mares a\u00fan estaban pr\u00edstinas\u201d.<\/p>\n<p>Sin embargo, en las canciones, \u201cque luego hay que cantarle a las chicas\u201d, asegura que nunca deja entrever ning\u00fan tipo de queja. Son alegres, optimistas, sobre todo por una raz\u00f3n: \u201cSi quieres seducirlas, nada de ir con lamentos y tostones. La mala leche la dejo para mis cuadros\u201d.<\/p>\n<p><strong>Aspirante a bohemio<\/strong><\/p>\n<p>Desde su \u00faltima gira, Manolo Garc\u00eda (retratado en la foto de la izquierda en el Ateneu barcelon\u00e9s) no ha dejado de componer canciones, pintar y escribir \u201ccomo loco\u201d. De ah\u00ed que dos a\u00f1os y medio despu\u00e9s, haya sacado otro \u00e1lbum,\u00a0<em>Los d\u00edas intactos<\/em>; un libro en el que combina sus dibujos con algunas reflexiones,\u00a0<em>El fruto de la rama m\u00e1s alta<\/em>; y tenga una exposici\u00f3n en la sala del C\u00edrculo de Lectores, primero en Barcelona (hasta el 13 de enero) y luego en Madrid. \u201cYa trabaj\u00e9 durante 18 a\u00f1os de mi vida en un trabajo rutinario en el que ten\u00eda que fichar cada d\u00eda. Ahora tengo un oficio m\u00e1s liberal, intento no agobiarme y pensar que la pasi\u00f3n me va a hacer entrar m\u00e1s ganas de hacer cosas. Eso no significa que no trabaje y mucho, \u00bfeh? Pero lo hago sin imponerme nada Soy un aspirante a bohemio\u201d.<\/p>\n","protected":false},"excerpt":{"rendered":"<p>Hace unos meses tuve el placer de conocer en persona a Manolo Garc\u00eda. Primero, lo entrevist\u00e9 para el programa de tve REDES, y me habl\u00f3 de la emociones que generan la m\u00fasica. Y hace unas semanas, volv\u00ed a quedar con \u00e9l, esta vez para hacer un peque\u00f1o perfil para el suplemento Es, de La Vanguardia.<a class=\"moretag\" href=\"https:\/\/www.manologarciaycia.com\/?p=2099\" title=\"MG: La libreta de Manolo Garc\u00eda\" target=\"_self\" rel=\"follow\"> <font face=arial size=2>[Leer m\u00e1s]<\/font> <\/a><\/p>\n","protected":false},"author":2,"featured_media":0,"comment_status":"closed","ping_status":"closed","sticky":false,"template":"","format":"standard","meta":{"footnotes":""},"categories":[1],"tags":[],"class_list":["post-2099","post","type-post","status-publish","format-standard","hentry","category-manolo-garcia"],"_links":{"self":[{"href":"https:\/\/www.manologarciaycia.com\/index.php?rest_route=\/wp\/v2\/posts\/2099","targetHints":{"allow":["GET"]}}],"collection":[{"href":"https:\/\/www.manologarciaycia.com\/index.php?rest_route=\/wp\/v2\/posts"}],"about":[{"href":"https:\/\/www.manologarciaycia.com\/index.php?rest_route=\/wp\/v2\/types\/post"}],"author":[{"embeddable":true,"href":"https:\/\/www.manologarciaycia.com\/index.php?rest_route=\/wp\/v2\/users\/2"}],"replies":[{"embeddable":true,"href":"https:\/\/www.manologarciaycia.com\/index.php?rest_route=%2Fwp%2Fv2%2Fcomments&post=2099"}],"version-history":[{"count":5,"href":"https:\/\/www.manologarciaycia.com\/index.php?rest_route=\/wp\/v2\/posts\/2099\/revisions"}],"predecessor-version":[{"id":2101,"href":"https:\/\/www.manologarciaycia.com\/index.php?rest_route=\/wp\/v2\/posts\/2099\/revisions\/2101"}],"wp:attachment":[{"href":"https:\/\/www.manologarciaycia.com\/index.php?rest_route=%2Fwp%2Fv2%2Fmedia&parent=2099"}],"wp:term":[{"taxonomy":"category","embeddable":true,"href":"https:\/\/www.manologarciaycia.com\/index.php?rest_route=%2Fwp%2Fv2%2Fcategories&post=2099"},{"taxonomy":"post_tag","embeddable":true,"href":"https:\/\/www.manologarciaycia.com\/index.php?rest_route=%2Fwp%2Fv2%2Ftags&post=2099"}],"curies":[{"name":"wp","href":"https:\/\/api.w.org\/{rel}","templated":true}]}}