{"id":20985,"date":"2020-06-07T18:57:23","date_gmt":"2020-06-07T16:57:23","guid":{"rendered":"https:\/\/www.manologarciaycia.com\/?p=20985"},"modified":"2020-06-07T18:57:26","modified_gmt":"2020-06-07T16:57:26","slug":"ultima-carta-a-un-padre-manolo-garcia","status":"publish","type":"post","link":"https:\/\/www.manologarciaycia.com\/?p=20985","title":{"rendered":"\u00daltima Carta a un padre, Manolo Garc\u00eda."},"content":{"rendered":"\n<p><strong>A punto de cruzar tu \u00faltimo r\u00edo, vuelves a tener 10 a\u00f1os y subes al monte a ara\u00f1arle con gran esfuerzo sus cargas de esparto<\/strong><\/p>\n\n\n\n<p>Deja que te acune, en un abrazo de azaleas, que te devuelva lo que me diste y es tuyo. Fuiste ni\u00f1o yuntero en tu tiempo de garza, de vuelo esmerado y lento. Nunca halc\u00f3n lanzado sobre su presa. No te bebiste la vida a borbotones; has pasado por ella con extremo cuidado para no perder pie, igual que cruzabas el r\u00edo con tu par de mulas.<\/p>\n\n\n\n<p>Una vez me contaste que, siendo muy peque\u00f1o, llorabas en la orilla temiendo que las cuatro cabras que ten\u00edais se ahogasen al cruzar.<\/p>\n\n\n\n<p>Ahora que poco a poco te est\u00e1s marchando, veo en tu mirada que est\u00e1s volviendo all\u00ed. Al emparrado donde com\u00edas uvas. A las huertas donde robabais albaricoques y melocotones. Al paisaje en el que te criaste, adusto y florido, que te conform\u00f3 de igual manera.<\/p>\n\n\n\n<p>Son las cuatro de la madrugada. Es noche cerrada. Desde el jerg\u00f3n de hojas de mazorca oyes la voz de tu padre decirte que vayas a dar el pienso a las novillas. Esas que a punta de sol estar\u00e1s enjaezando para la labranza. Las has adiestrado t\u00fa, como te han ense\u00f1ado tus mayores o como Dios te ha dado a entender; con una soga de esparto, un mont\u00f3n de piedras en los bolsillos para cuando se descarr\u00edan y trozos de nabos secos y manzanas para cuando obedecen. Ya con el ubio, arrastrando el tosco arado, a duras penas podr\u00e1s dirigirlas por bancales empinados. M\u00e1s bien te arrastrar\u00e1n ellas a ti.<\/p>\n\n\n\n<p>En los inviernos, mordidos por el fr\u00edo, los hermanos bajabais vuestros colchones de la habitaci\u00f3n de los atrojes para dormir ante las pocas brasas que quedaban en la chimenea. Alguno de vosotros sal\u00eda al gallinero a por un poco de le\u00f1a seca para avivar el fuego. Como erais muchos y la sala peque\u00f1a, por turnos os apretujabais como pod\u00edais frente a la boca del hogar.<\/p>\n\n\n\n<p>Tus primeros a\u00f1os fueron eso. Labranza, siega, trilla, recogida del esparto. Ahora resuena en tu mente, en tu querencia interior, el cuerno que alguien hac\u00eda sonar anunciando la vuelta de los segadores, que llegaban polvorientos con sus animales y sus arreos despu\u00e9s de haber estado segando de sol a sol en campos de La Mancha durante semanas. Te vuelve la imagen de las mujeres endoming\u00e1ndose en un frenes\u00ed de risas y nervios para esperarlos en los altos del pueblo.<\/p>\n\n\n\n<p>A punto de cruzar tu \u00faltimo r\u00edo, vuelves a tener 10 a\u00f1os y subes con los hombres que van al monte a ara\u00f1arle con gran esfuerzo sus cargas de esparto y, como no tienes fuerzas suficientes para las duras horas de trabajo entre riscos y pe\u00f1ascos, cumples como pinche. Te quedas pelando patatas y cortando trozos de tocino sobre un ser\u00f3n de esparto. Te da sombra una carrasca, mientras ellos se pierden hacia los altos del monte con sus talisas. Cuando bajen, y tras la parca comida, dormitar\u00e1n un rato, exhaustos, ah\u00edtos de sol sobre las agujas de los pinos. Luego han de volver al tajo.<\/p>\n\n\n\n<p>En tu digno alejarte s\u00e9 que vuelves al baladre y al tomillo. A tu r\u00edo, querido padre.<\/p>\n\n\n\n<p>Fuente: El Pais &#8211; Columna &#8211; Manolo Garc\u00eda &#8211; <a href=\"https:\/\/elpais.com\/elpais\/2020\/06\/03\/eps\/1591177526_373194.html\" target=\"_blank\" rel=\"noreferrer noopener\">ENLACE<\/a><\/p>\n\n\n\n<p>Manolo Garc\u00eda acaba de publicar el poemario&nbsp;<em>El fin del principio<\/em>&nbsp;(Verso &amp; Cuento, Aguilar)<br>y el 3 de julio lanza su nuevo disco,&nbsp;<em>Ac\u00fastico, Ac\u00fastico, Ac\u00fastico<\/em>.<\/p>\n","protected":false},"excerpt":{"rendered":"<p>A punto de cruzar tu \u00faltimo r\u00edo, vuelves a tener 10 a\u00f1os y subes al monte a ara\u00f1arle con gran esfuerzo sus cargas de esparto Deja que te acune, en un abrazo de azaleas, que te devuelva lo que me diste y es tuyo. Fuiste ni\u00f1o yuntero en tu tiempo de garza, de vuelo esmerado<a class=\"moretag\" href=\"https:\/\/www.manologarciaycia.com\/?p=20985\" title=\"\u00daltima Carta a un padre, Manolo Garc\u00eda.\" target=\"_self\" rel=\"follow\"> <font face=arial size=2>[Leer m\u00e1s]<\/font> <\/a><\/p>\n","protected":false},"author":2,"featured_media":20987,"comment_status":"closed","ping_status":"closed","sticky":false,"template":"","format":"standard","meta":{"footnotes":""},"categories":[1],"tags":[],"class_list":["post-20985","post","type-post","status-publish","format-standard","has-post-thumbnail","hentry","category-manolo-garcia"],"_links":{"self":[{"href":"https:\/\/www.manologarciaycia.com\/index.php?rest_route=\/wp\/v2\/posts\/20985","targetHints":{"allow":["GET"]}}],"collection":[{"href":"https:\/\/www.manologarciaycia.com\/index.php?rest_route=\/wp\/v2\/posts"}],"about":[{"href":"https:\/\/www.manologarciaycia.com\/index.php?rest_route=\/wp\/v2\/types\/post"}],"author":[{"embeddable":true,"href":"https:\/\/www.manologarciaycia.com\/index.php?rest_route=\/wp\/v2\/users\/2"}],"replies":[{"embeddable":true,"href":"https:\/\/www.manologarciaycia.com\/index.php?rest_route=%2Fwp%2Fv2%2Fcomments&post=20985"}],"version-history":[{"count":1,"href":"https:\/\/www.manologarciaycia.com\/index.php?rest_route=\/wp\/v2\/posts\/20985\/revisions"}],"predecessor-version":[{"id":20986,"href":"https:\/\/www.manologarciaycia.com\/index.php?rest_route=\/wp\/v2\/posts\/20985\/revisions\/20986"}],"wp:featuredmedia":[{"embeddable":true,"href":"https:\/\/www.manologarciaycia.com\/index.php?rest_route=\/wp\/v2\/media\/20987"}],"wp:attachment":[{"href":"https:\/\/www.manologarciaycia.com\/index.php?rest_route=%2Fwp%2Fv2%2Fmedia&parent=20985"}],"wp:term":[{"taxonomy":"category","embeddable":true,"href":"https:\/\/www.manologarciaycia.com\/index.php?rest_route=%2Fwp%2Fv2%2Fcategories&post=20985"},{"taxonomy":"post_tag","embeddable":true,"href":"https:\/\/www.manologarciaycia.com\/index.php?rest_route=%2Fwp%2Fv2%2Ftags&post=20985"}],"curies":[{"name":"wp","href":"https:\/\/api.w.org\/{rel}","templated":true}]}}