{"id":20982,"date":"2020-06-07T08:33:26","date_gmt":"2020-06-07T06:33:26","guid":{"rendered":"https:\/\/www.manologarciaycia.com\/?p=20982"},"modified":"2020-06-07T08:33:29","modified_gmt":"2020-06-07T06:33:29","slug":"manolo-garcia-radioestadio-06-06-2020-tengo-la-suerte-de-poder-vivir-en-el-hoy-componiendo","status":"publish","type":"post","link":"https:\/\/www.manologarciaycia.com\/?p=20982","title":{"rendered":"Manolo Garc\u00eda (RadioEstadio) 06\/06\/2020: \u00abTengo la suerte de poder vivir en el hoy, componiendo\u00bb"},"content":{"rendered":"\n<p>El compositor y poeta nos presenta en Radioestadio su nuevo libro &#8216;El fin del principio&#8217;. \u00abNo podemos vivir de espaldas a la naturaleza\u00bb, asegura el lider de la ya disuelta banda &#8216;El \u00faltimo de la fila&#8217;, que se define como un \u00abbuscavidas\u00bb que vive en el presente.<\/p>\n\n\n\n<p><strong>Manolo Garc\u00eda (1955, Barcdelona),<\/strong>&nbsp;antes de dedicarse a la m\u00fasica, fue dise\u00f1ador gr\u00e1fico durante muchos a\u00f1os. \u00abProbablemente las &#8216;Hello Kitty&#8217; de las camisetas, cuadernos y plumieres de muchos ni\u00f1os las he dibujado yo\u00bb, nos confiesa. Le preocupa el planeta y opina que todo deber\u00eda ir m\u00e1s lento: \u00abla limpieza y el aire de las ciudades nos ha gustado a todos&#8230; tambi\u00e9n se podr\u00edan hacer ordenanzas municipales como el transporte p\u00fablico gratis, que ya pagamos muchos impuestos, para cuidar el planeta\u00bb.<\/p>\n\n\n\n<p>Sobre la crisis que hemos vivido, asegura: \u00absomos fr\u00e1giles aunque a veces nos hagamos los chulitos o gallitos\u00bb. \u00abLa madre de las batallas viene con el cambio clim\u00e1tico, no podemos vivir de espaldas a la naturaleza, arras\u00e1ndolo y pensando que los &#8216;seres pensantes&#8217; somos los due\u00f1os\u00bb, medita. \u00abEmpezamos una nueva etapa y tenemos la oportunidad de resolverlo\u00bb, apunta.<\/p>\n\n\n\n<p>Asegura que hay mucha confusi\u00f3n con respecto a la separaci\u00f3n de<strong>&nbsp;&#8216;El \u00faltimo de la fila&#8217;<\/strong>: \u00abFue por dignidad personal y profesional, pero no quisimos reba\u00f1ar el plato. Ya no funcion\u00e1bamos igual a la hora de trabajar\u00bb. Desmiente otros motivos que expliquen la divisi\u00f3n del grupo.<\/p>\n\n\n\n<p>Manolo Garc\u00eda asegura que vive en el hoy: \u00abMi presente es pintar, componer. Hay que darle importancia al presente, no hay que sufrir demasiado con el pasado o darle demasiado importancia a las expectativas&#8230;Hasta que he descolgado el tel\u00e9fono para hablar con vosotros estaba componiendo y cuando cuelgue proseguir\u00e9\u00bb. Garc\u00eda asegura que no ha tenido formaci\u00f3n: \u00abSoy un buscavidas, me sueltas en el S\u00e1hara y te monto una churrer\u00eda\u00bb, bromea. \u00abSi pudiera volver a atr\u00e1s, no dudar\u00eda en ir a un conservatorio\u00bb, asegura.<\/p>\n\n\n\n<p>Fuente: RadioEstadio &#8211; Onda Cero &#8211; <a href=\"https:\/\/www.ondacero.es\/programas\/radioestadio\/audios-podcast\/entrevistas\/manolo-garcia-radioestadio_202006065edbd67846959a0001532746.html\" target=\"_blank\" rel=\"noreferrer noopener\">ENLACE<\/a><\/p>\n","protected":false},"excerpt":{"rendered":"<p>El compositor y poeta nos presenta en Radioestadio su nuevo libro &#8216;El fin del principio&#8217;. \u00abNo podemos vivir de espaldas a la naturaleza\u00bb, asegura el lider de la ya disuelta banda &#8216;El \u00faltimo de la fila&#8217;, que se define como un \u00abbuscavidas\u00bb que vive en el presente. Manolo Garc\u00eda (1955, Barcdelona),&nbsp;antes de dedicarse a la<a class=\"moretag\" href=\"https:\/\/www.manologarciaycia.com\/?p=20982\" title=\"Manolo Garc\u00eda (RadioEstadio) 06\/06\/2020: \u00abTengo la suerte de poder vivir en el hoy, componiendo\u00bb\" target=\"_self\" rel=\"follow\"> <font face=arial size=2>[Leer m\u00e1s]<\/font> <\/a><\/p>\n","protected":false},"author":2,"featured_media":0,"comment_status":"closed","ping_status":"closed","sticky":false,"template":"","format":"audio","meta":{"footnotes":""},"categories":[1],"tags":[],"class_list":["post-20982","post","type-post","status-publish","format-audio","hentry","category-manolo-garcia","post_format-post-format-audio"],"_links":{"self":[{"href":"https:\/\/www.manologarciaycia.com\/index.php?rest_route=\/wp\/v2\/posts\/20982","targetHints":{"allow":["GET"]}}],"collection":[{"href":"https:\/\/www.manologarciaycia.com\/index.php?rest_route=\/wp\/v2\/posts"}],"about":[{"href":"https:\/\/www.manologarciaycia.com\/index.php?rest_route=\/wp\/v2\/types\/post"}],"author":[{"embeddable":true,"href":"https:\/\/www.manologarciaycia.com\/index.php?rest_route=\/wp\/v2\/users\/2"}],"replies":[{"embeddable":true,"href":"https:\/\/www.manologarciaycia.com\/index.php?rest_route=%2Fwp%2Fv2%2Fcomments&post=20982"}],"version-history":[{"count":1,"href":"https:\/\/www.manologarciaycia.com\/index.php?rest_route=\/wp\/v2\/posts\/20982\/revisions"}],"predecessor-version":[{"id":20983,"href":"https:\/\/www.manologarciaycia.com\/index.php?rest_route=\/wp\/v2\/posts\/20982\/revisions\/20983"}],"wp:attachment":[{"href":"https:\/\/www.manologarciaycia.com\/index.php?rest_route=%2Fwp%2Fv2%2Fmedia&parent=20982"}],"wp:term":[{"taxonomy":"category","embeddable":true,"href":"https:\/\/www.manologarciaycia.com\/index.php?rest_route=%2Fwp%2Fv2%2Fcategories&post=20982"},{"taxonomy":"post_tag","embeddable":true,"href":"https:\/\/www.manologarciaycia.com\/index.php?rest_route=%2Fwp%2Fv2%2Ftags&post=20982"}],"curies":[{"name":"wp","href":"https:\/\/api.w.org\/{rel}","templated":true}]}}