{"id":20978,"date":"2020-06-07T08:17:22","date_gmt":"2020-06-07T06:17:22","guid":{"rendered":"https:\/\/www.manologarciaycia.com\/?p=20978"},"modified":"2020-06-07T08:17:28","modified_gmt":"2020-06-07T06:17:28","slug":"manolo-garcia-la-poesia-te-hace-ver-que-estas-despierto","status":"publish","type":"post","link":"https:\/\/www.manologarciaycia.com\/?p=20978","title":{"rendered":"Manolo Garc\u00eda: \u00abLa poes\u00eda te hace ver que est\u00e1s despierto\u00bb"},"content":{"rendered":"\n<p>El cantante barcelon\u00e9s refleja sus inquietudes sobre el estado del mundo en el libro de poemas e ilustraciones &#8216;El fin del principio&#8217;<\/p>\n\n\n\n<p>Manolo Garc\u00eda ve en estos tiempos el presagio del ocaso de una era, y lo refleja en \u2018El fin del principio\u2019 (Aguilar-Penguin Random House), un libro de poemas e ilustraciones en el que plasma sus inquietudes en torno al humanismo y la ecolog\u00eda.<\/p>\n\n\n\n<p><strong>-Escribir poemas o letras de canciones, \u00bfrepresenta estados mentales distintos?<\/strong><\/p>\n\n\n\n<p>-Para m\u00ed son id\u00e9nticos. La poes\u00eda est\u00e1 maridada con la m\u00fasica. La tradici\u00f3n que va de Allen Ginsberg a Bob Dylan. A la vez, la poes\u00eda por s\u00ed misma siempre estar\u00e1 viva, porque siempre habr\u00e1 gente escribiendo cosas bonitas que nos har\u00e1n reflexionar, viajar, volar, ser libres&#8230; El poeta maneja una nave c\u00f3smica, porque la poes\u00eda es un viaje interplanetario, aunque est\u00e9s en el sof\u00e1 de tu casa o yendo en tren de Barcelona a Lleida.<\/p>\n\n\n\n<p><strong>-Viaje c\u00f3smico, pero con un \u201ccable a tierra\u201d, dice en el libro. Y en las dedicatorias se dirige a sus padres y a sus abuelos \u201clabradores\u201d.<\/strong><br>-Es que los humanos hemos ido soltando anclas y nos hemos puesto un poco chulitos, de espaldas a la naturaleza, que ha sido la madre y nos ha dado de comer hasta ahora. Ahora nos dan de comer las multinacionales c\u00e1rnicas, y se olvida lo m\u00e1s importante. Ya se habla de robots que te sirven el caf\u00e9. Alguien tendr\u00e1 que poner cari\u00f1o al d\u00eda a d\u00eda, y las m\u00e1quinas no van a hacerlo. Mis abuelos, lo m\u00e1s tecnol\u00f3gico que conocieron fue el botijo y el azad\u00f3n.<\/p>\n\n\n\n<p><strong>-Los avances tecnol\u00f3gicos han tra\u00eddo ventajas.<\/strong><br>-Pero ha ido todo muy deprisa y estamos un poco deshumanizados. Somos una tribu planetaria muy grande y mal conducida. O miramos lo que estamos haciendo o esto ir\u00e1 por una v\u00eda muy rara y muy violenta. Lo del racismo en Estados Unidos es muy grave, pero detr\u00e1s hay otro problema, la masa ech\u00e1ndose a la calle y esa rabia por la desigualdad social. Y cuando veo lo del coronavirus y los comedores populares&#8230; Los pol\u00edticos deber\u00edan poner rodilla en tierra y pedir perd\u00f3n, y decirnos: \u201cNo tenemos que hacer comedores populares, sino redistribuir la riqueza y cuidar a toda la ciudadan\u00eda\u201d. A m\u00ed me pueden pedir el 90% de impuestos, me parece bien. Yo lo doy todo, pero no puedo soportar ver a gente sufriendo y los pol\u00edticos pele\u00e1ndose e insult\u00e1ndose.<\/p>\n\n\n\n<p><strong>-\u00bfA qu\u00e9 pol\u00edticos se refiere?<br>&#8211;<\/strong>Hablo en general, a partir de lo que ves en la televisi\u00f3n en Espa\u00f1a, en Estados Unidos, en Francia&#8230; Al libro le puse este t\u00edtulo, \u2018El fin del principio\u2019, porque para m\u00ed el principio de este mundo nuestro se est\u00e1 acabando. Est\u00e1 empezando la segunda parte. Los cient\u00edficos nos dicen que el planeta se est\u00e1 calentando y deber\u00edamos encarar las cosas de otra manera o esto se complicar\u00e1. Somos la primera generaci\u00f3n de humanos que tiene la oportunidad de hacer un mundo habitable. Yo no soy cient\u00edfico; soy un animalito sensible. A veces, contento, a ratos un poco angustiado porque al vecino se le ha muerto la madre y aquel otro est\u00e1 en la UCI. Ves que en Alemania hay 28.000 respiradores y en Espa\u00f1a solo 4.000, y piensas: \u201c\u00a1Pues yo pago impuestos!\u201d. Y ante eso, hago poemas.<\/p>\n\n\n\n<p><strong>-En el libro hay textos arom\u00e1ticos y on\u00edricos, pero tambi\u00e9n mucho cabreo.<\/strong><br><strong>&#8211;<\/strong>He crecido en el mundo barcelon\u00e9s de la contracultura: \u2018Makoki\u2019, \u2018El V\u00edbora\u2019&#8230; De cuando a los c\u00f3mics se les llamaba tebeos. Y la poes\u00eda puede ser dulce y acaramelada, o tener mala leche. A m\u00ed me gusta el poeta Manuel Vilas cuando se pone guarro y cabr\u00f3n, y Dylan cuando parece que escupa. La poes\u00eda como \u201carma cargada de futuro\u201d, que tiene la capacidad de hacerte ver que est\u00e1s despierto, que esto no es su sue\u00f1o, que es la realidad.<\/p>\n\n\n\n<p><strong>-El libro de poes\u00eda dif\u00edcilmente puede ser un objeto de masas. \u00bfSe ver\u00eda como rapsoda, buscando el cuerpo a cuerpo con el ciudadano?<br>&#8211;<\/strong>S\u00ed, sin la guitarra, sin cantar, claro que lo har\u00eda. Me lo han planteado en la editorial: \u201c\u00bfT\u00fa leer\u00edas poemas?\u201d. Y s\u00ed, me encantar\u00eda. Yo soy de los que van a las librer\u00edas cuando un escritor presenta un libro o da una charla. Cuando quede claro lo de las distancias me lo plantear\u00e9. Ir a una librer\u00eda, hablar un poco, leer unos poemas, hacer una \u2018performance\u2019&#8230; S\u00ed, me apuntar\u00eda. Ya he hecho algo as\u00ed en video, leyendo alg\u00fan poema con el m\u00f3vil.<\/p>\n\n\n\n<figure class=\"wp-block-image\"><img decoding=\"async\" src=\"https:\/\/estaticos.elperiodico.com\/resources\/jpg\/0\/1\/1591357037410.jpg\" alt=\"\"\/><\/figure>\n\n\n\n<p>Una fotograf\u00eda del cantante barcelon\u00e9s. \/&nbsp;RUB\u00c9N MART\u00cdN<\/p>\n\n\n\n<p><strong>-Los poetas a veces han envidiado la proyecci\u00f3n de los cantantes y han agradecido que hayan musicado sus textos para darlos a conocer a audiencias m\u00e1s grandes. Usted parece que haga el camino inverso con este libro.<br>&#8211;<\/strong>Tengo asumido que el p\u00fablico de poes\u00eda es minoritario, y si tuviera la intenci\u00f3n de vender mucho escribir\u00eda historias escalofriantes, disparatadas, y utilizar\u00eda un lenguaje duro, hablando de sexo, de vampiros&#8230; Podr\u00eda hacerlo perfectamente. Pero yo quiero escribir para llenar mis d\u00edas, igual que cuando leo o hago conciertos. Si somos 10.000 o somos 300&#8230; Por eso Dylan sigue con su gira interminable, porque piensa: \u00ab\u00bfD\u00f3nde estar\u00e9 mejor que aqu\u00ed?\u00bb. El otro d\u00eda ve\u00eda el documental de la \u2018Rolling thunder revue\u2019, con Joan Baez, y ten\u00eda una mirada de loco, pero de loco feliz, y eso mola. Yo cuando veo fotos m\u00edas con El \u00daltimo de la Fila o con Los R\u00e1pidos, yo estaba salido de madre siempre, porque siempre he sido as\u00ed, porque de la vida lo que quiero es la luz, no la oscuridad. El otro d\u00eda, me par\u00f3 un guardia urbano y se puso a chillar porque deb\u00ed hacer algo mal con el coche, no s\u00e9, y le dije: \u201cOiga, por favor, c\u00e1lmese&#8230;\u201d, y me acab\u00f3 mirando con cara de \u201cvale, igual me he pasado un poco\u201d. Si tengo la oportunidad de pintar, de cantar con la gente, yo soy feliz. No me met\u00ed en esto por dinero. Me ganaba muy bien la vida trabajando en una multinacional de la publicidad, J. Walter Thompson, y sal\u00ed de ah\u00ed porque la m\u00fasica me pod\u00eda m\u00e1s, y la b\u00fasqueda de un mundo fant\u00e1stico. Hay algo ah\u00ed que te arrastra. \u00bfPor qu\u00e9 renunciar a ello? No se puede. Es un regalo de los dioses.<\/p>\n\n\n\n<p><strong>-As\u00ed como los poemas del libro hacen referencias al estado del mundo moderno, las ilustraciones tienden a realidades mitol\u00f3gicas, de ensue\u00f1o.<br>&#8211;<\/strong>S\u00ed, el surrealismo me tiene pillado porque es libre. Los paisajistas dejaron un legado magn\u00edfico, pero ah\u00ed un \u00e1rbol es un \u00e1rbol, y en el mundo surrealista, desde Dal\u00ed y los franceses, y Picasso en ciertos momentos, te dan la puntita de la cola de un cometa que te pilla y te lleva arriba. Es un mundo de sorpresa. Como el de Eduardo Arroyo. Gente que tiene esa capacidad de crear mundos. Eso tiene un m\u00e9rito enorme. Sorolla y Fortuny est\u00e1n entre mis favoritos desde cr\u00edo, pero los surrealistas tienen un plus para m\u00ed.<\/p>\n\n\n\n<p><strong>-El 3 de julio publicar\u00e1 \u2018Ac\u00fastico, ac\u00fastico, ac\u00fastico\u2019, disco y DVD de su \u00faltima gira. \u00bfQu\u00e9 sac\u00f3 en claro de ese regreso a los escenarios reducidos?<br>&#8211;<\/strong>Yo soy un experto en eso: cuando comenc\u00e9 con Los R\u00e1pidos, y luego Los Burros, y El \u00daltimo de la Fila, toc\u00e1bamos en el Boira o en el Karma. He hecho de todo, tengo esa suerte: tambi\u00e9n cantar en el Camp Nou. Lo que no quiero es estar en casa, ni salir, decir \u201cbona nit\u201d ante 20.000 personas y coger el dinero y correr. Ahora estoy haciendo un nuevo disco de estudio y quiz\u00e1 el a\u00f1o que viene puedo publicarlo y salir a la carretera. Y si en lugar de hacer veinte conciertos, tengo que hacer cien, mi grupo y yo seremos felices.<\/p>\n\n\n\n<p><strong>-\u00bfPodremos verle este verano en conciertos para 400 o 800 asistentes?<br>&#8211;<\/strong>Eso no, porque mientras la gente tenga que estar con distancias entre las sillas, o metida en un coche, no quiero hacerlo. Con todo el respeto para quien s\u00ed lo haga, \u00bfeh? Cuando la gente pueda estar sentada normal, y saltando y bailando y abraz\u00e1ndose, entonces entrar\u00e9 a saco y har\u00e9 lo que me dejen hacer.<\/p>\n\n\n\n<p>Fuente: El Periodico &#8211; Jordi Bianciotto &#8211; <a href=\"https:\/\/www.elperiodico.com\/es\/ocio-y-cultura\/20200606\/entrevista-manolo-garcia-7989653\" target=\"_blank\" rel=\"noreferrer noopener\">ENLACE<\/a><\/p>\n","protected":false},"excerpt":{"rendered":"<p>El cantante barcelon\u00e9s refleja sus inquietudes sobre el estado del mundo en el libro de poemas e ilustraciones &#8216;El fin del principio&#8217; Manolo Garc\u00eda ve en estos tiempos el presagio del ocaso de una era, y lo refleja en \u2018El fin del principio\u2019 (Aguilar-Penguin Random House), un libro de poemas e ilustraciones en el que<a class=\"moretag\" href=\"https:\/\/www.manologarciaycia.com\/?p=20978\" title=\"Manolo Garc\u00eda: \u00abLa poes\u00eda te hace ver que est\u00e1s despierto\u00bb\" target=\"_self\" rel=\"follow\"> <font face=arial size=2>[Leer m\u00e1s]<\/font> <\/a><\/p>\n","protected":false},"author":2,"featured_media":20979,"comment_status":"closed","ping_status":"closed","sticky":false,"template":"","format":"standard","meta":{"footnotes":""},"categories":[1],"tags":[],"class_list":["post-20978","post","type-post","status-publish","format-standard","has-post-thumbnail","hentry","category-manolo-garcia"],"_links":{"self":[{"href":"https:\/\/www.manologarciaycia.com\/index.php?rest_route=\/wp\/v2\/posts\/20978","targetHints":{"allow":["GET"]}}],"collection":[{"href":"https:\/\/www.manologarciaycia.com\/index.php?rest_route=\/wp\/v2\/posts"}],"about":[{"href":"https:\/\/www.manologarciaycia.com\/index.php?rest_route=\/wp\/v2\/types\/post"}],"author":[{"embeddable":true,"href":"https:\/\/www.manologarciaycia.com\/index.php?rest_route=\/wp\/v2\/users\/2"}],"replies":[{"embeddable":true,"href":"https:\/\/www.manologarciaycia.com\/index.php?rest_route=%2Fwp%2Fv2%2Fcomments&post=20978"}],"version-history":[{"count":1,"href":"https:\/\/www.manologarciaycia.com\/index.php?rest_route=\/wp\/v2\/posts\/20978\/revisions"}],"predecessor-version":[{"id":20980,"href":"https:\/\/www.manologarciaycia.com\/index.php?rest_route=\/wp\/v2\/posts\/20978\/revisions\/20980"}],"wp:featuredmedia":[{"embeddable":true,"href":"https:\/\/www.manologarciaycia.com\/index.php?rest_route=\/wp\/v2\/media\/20979"}],"wp:attachment":[{"href":"https:\/\/www.manologarciaycia.com\/index.php?rest_route=%2Fwp%2Fv2%2Fmedia&parent=20978"}],"wp:term":[{"taxonomy":"category","embeddable":true,"href":"https:\/\/www.manologarciaycia.com\/index.php?rest_route=%2Fwp%2Fv2%2Fcategories&post=20978"},{"taxonomy":"post_tag","embeddable":true,"href":"https:\/\/www.manologarciaycia.com\/index.php?rest_route=%2Fwp%2Fv2%2Ftags&post=20978"}],"curies":[{"name":"wp","href":"https:\/\/api.w.org\/{rel}","templated":true}]}}