{"id":20975,"date":"2020-06-07T08:12:30","date_gmt":"2020-06-07T06:12:30","guid":{"rendered":"https:\/\/www.manologarciaycia.com\/?p=20975"},"modified":"2020-06-07T08:17:58","modified_gmt":"2020-06-07T06:17:58","slug":"manolo-garcia-10-canciones-imprescindibles-de-su-carrera-en-solitario","status":"publish","type":"post","link":"https:\/\/www.manologarciaycia.com\/?p=20975","title":{"rendered":"MANOLO GARC\u00cdA: 10 CANCIONES IMPRESCINDIBLES DE SU CARRERA EN SOLITARIO"},"content":{"rendered":"\n<p>Tras una vida entera dedicada a la m\u00fasica, el cantautor barcelon\u00e9s lleva d\u00e9cadas regal\u00e1ndonos melod\u00edas inconfundibles<\/p>\n\n\n\n<p><a href=\"https:\/\/los40.com\/tag\/manolo_garcia\/a\/\"><strong>Manolo Garc\u00eda<\/strong><\/a>&nbsp;y su sonido inconfundible han hecho de \u00e9l uno de los artistas m\u00e1s ic\u00f3nicos de nuestra m\u00fasica. Le conocimos como vocalista de la banda&nbsp;<a href=\"https:\/\/los40.com\/tag\/el_ultimo_la_fila\/a\/\"><strong>El \u00daltimo De La Fila<\/strong><\/a>&nbsp;grupo que nos dej\u00f3 canciones para el recuerdo como&nbsp;<em>Mar antiguo, Como un burro amarrado en la puerta del baile<\/em>&nbsp;o&nbsp;<em>Cuando la pobreza entra por la puerta, el amor salta por la ventana<\/em>.<\/p>\n\n\n\n<p>Tras una vida entera dedicada a la m\u00fasica, a partir del a\u00f1o 1998&nbsp;<strong>Manolo Garc\u00eda<\/strong>&nbsp;comienza su carrera en solitario de la cual hemos recopilado 10 de sus grandes \u00e9xitos, con los que ha conquistado corazones dentro y fuera de nuestro pa\u00eds. Para muchos, poes\u00eda hecha m\u00fasica de la mano de&nbsp;<a href=\"https:\/\/los40.com\/los40\/2006\/03\/16\/actualidad\/1142463600_284578.html\">uno de los m\u00fasicos nacionales m\u00e1s valorados<\/a>, como profesional y como persona.<\/p>\n\n\n\n<h3 class=\"wp-block-heading\">10 canciones imprescindibles de Manolo Garc\u00eda<\/h3>\n\n\n\n<p>Escoger \u00fanicamente una decena de entre toda la discograf\u00eda de&nbsp;<strong>Manolo Garc\u00eda<\/strong>&nbsp;es todo un reto, eso sin contar las colaboraciones tan destacadas que tambi\u00e9n encontramos en su carrera, entre las que aparecen nombres como&nbsp;<strong><a href=\"https:\/\/los40.com\/tag\/joan_manuel_serrat\/a\/\">Joan Manuel Serrat<\/a>,&nbsp;<a href=\"https:\/\/los40.com\/tag\/miguel_rios\/a\/\">Miguel R\u00edos<\/a>,&nbsp;<a href=\"https:\/\/los40.com\/tag\/los_secretos\/a\/\">Los Secretos<\/a>,&nbsp;<a href=\"https:\/\/los40.com\/tag\/alejandro_sanz\/a\/\">Alejandro Sanz<\/a><\/strong>&nbsp;o&nbsp;<strong>Roc\u00edo Durcal<\/strong>. \u00a1Sube el volumen y d\u00e9jate contagiar por la energ\u00eda de Manolo Garc\u00eda!<\/p>\n\n\n\n<h3 class=\"wp-block-heading\">P\u00e1jaros De Barro<\/h3>\n\n\n\n<p>Una de sus m\u00e1s populares canciones en solitario la encontramos dentro de su debut&nbsp;<em>Arena En Los Bolsillos<\/em>. Una decisi\u00f3n que, sin duda fue un acierto a juzgar con que, ese mismo a\u00f1o,&nbsp;<strong>Manolo Garc\u00eda<\/strong>&nbsp;se hizo con el Premio Amigo a&nbsp;<strong>Mejor Solista Masculino<\/strong>. Imposible no recordar el m\u00edtico estribillo que comenzaba: \u00ab<em>En los mapas me pierdo\u2026<\/em>\u00ab<\/p>\n\n\n\n<figure><iframe loading=\"lazy\" width=\"560\" height=\"315\" src=\"https:\/\/www.youtube.com\/embed\/HSpeF-Bu26E\" allowfullscreen=\"\"><\/iframe><\/figure>\n\n\n\n<h3 class=\"wp-block-heading\">Carb\u00f3n y Ramas Secas<\/h3>\n\n\n\n<p>Para muchos, \u00e9sta es una de las canciones que mejor define a&nbsp;<strong>Manolo Garc\u00eda<\/strong>&nbsp;como artista. Dentro de su primer disco en solitario hab\u00eda dos versiones distintas de este mismo tema.<\/p>\n\n\n\n<figure><iframe loading=\"lazy\" width=\"560\" height=\"315\" src=\"https:\/\/www.youtube.com\/embed\/Mx8BKHtdcyU\" allowfullscreen=\"\"><\/iframe><\/figure>\n\n\n\n<h3 class=\"wp-block-heading\">A San Fernando Un Ratito A Pie Y Otro Caminando<\/h3>\n\n\n\n<p>Resulta pr\u00e1cticamente imposible encontrar a alguien a lo largo de la geograf\u00eda espa\u00f1ola que no conozca esta melod\u00eda. Sin duda, una de las que m\u00e1s hace vibrar al p\u00fablico en los directos de&nbsp;<strong>Manolo Garc\u00eda.<\/strong><\/p>\n\n\n\n<figure><iframe loading=\"lazy\" width=\"560\" height=\"315\" src=\"https:\/\/www.youtube.com\/embed\/rg6yhsHPGrQ\" allowfullscreen=\"\"><\/iframe><\/figure>\n\n\n\n<h3 class=\"wp-block-heading\">Nunca El Tiempo Es Perdido<\/h3>\n\n\n\n<p>Corr\u00eda el a\u00f1o 2001 cuando conoc\u00edamos esta canci\u00f3n que da t\u00edtulo al segundo \u00e1lbum en solitario de su carrera y con la que&nbsp;<strong>Manolo Garc\u00eda<\/strong>&nbsp;consigui\u00f3 llegar a todas las generaciones.<\/p>\n\n\n\n<figure><iframe loading=\"lazy\" width=\"560\" height=\"315\" src=\"https:\/\/www.youtube.com\/embed\/EVjldNAECe8\" allowfullscreen=\"\"><\/iframe><\/figure>\n\n\n\n<h3 class=\"wp-block-heading\">Rosa De Alejandr\u00eda<\/h3>\n\n\n\n<p>Otra de las m\u00e1s reconocidas de su segundo disco, el mismo que le llev\u00f3 a realizar una gira m\u00e1s intimista y personal, con conciertos en teatros. La letra seguro que muchos la recordar\u00e1n: \u00ab<em>Rosa de Alejandr\u00eda, rosa amarilla \/ Hoy has de ser mi gu\u00eda \/ La luz que brilla \/ Faro de mediod\u00eda \/ Rosa sencilla \/ Rosa de Alejandr\u00eda, rosa amarilla\u00bb.<\/em><\/p>\n\n\n\n<figure><iframe loading=\"lazy\" width=\"560\" height=\"315\" src=\"https:\/\/www.youtube.com\/embed\/ueCnNXYpy68\" allowfullscreen=\"\"><\/iframe><\/figure>\n\n\n\n<h3 class=\"wp-block-heading\">Para Que No Se Duerman Mis Sentidos<\/h3>\n\n\n\n<p>Canci\u00f3n que comparte nombre con el tercer y uno de sus m\u00e1s experimentales trabajos. Un tema en el que se evidencian las influencias brasile\u00f1as, ya que,&nbsp;<strong>Manolo Garc\u00eda<\/strong>&nbsp;grab\u00f3 este single en dicho pa\u00eds latinoamericano junto a m\u00fasicos de all\u00ed.<\/p>\n\n\n\n<figure><iframe loading=\"lazy\" width=\"560\" height=\"315\" src=\"https:\/\/www.youtube.com\/embed\/JbQmk27h964\" allowfullscreen=\"\"><\/iframe><\/figure>\n\n\n\n<h3 class=\"wp-block-heading\">Ni\u00f1a Candela<\/h3>\n\n\n\n<p>Tambi\u00e9n se encuentra dentro de&nbsp;<em>Para Que No Se Duerman Mis Sentidos<\/em>, lanzado en 2004. Sin embargo, su sonido no tiene nada que ver con la anterior y junto a su mensaje, algo m\u00e1s descarado, hace una de \u00e9sta una de las canciones m\u00e1s urbanas de&nbsp;<strong>Manolo Garc\u00eda<\/strong>.<\/p>\n\n\n\n<figure><iframe loading=\"lazy\" width=\"560\" height=\"315\" src=\"https:\/\/www.youtube.com\/embed\/mc1MEhwUmQk\" allowfullscreen=\"\"><\/iframe><\/figure>\n\n\n\n<h3 class=\"wp-block-heading\">Una Tarde De Sol<\/h3>\n\n\n\n<p>Una canci\u00f3n amable y positiva,&nbsp;<strong>Manolo Garc\u00eda<\/strong>&nbsp;en estado puro. \u00ab<em>Busco el ruido de las plazas \/ busco en las calles de ciudades que ya no conozco \/ busco el aroma de mujeres que pasan \/ a sus cosas, a su lucha, a la tarea que les toca. \/ Guardo una tarde de sol \/ una tarde de sol por si hace falta \/ y \u00e9se es un tesoro que nadie podr\u00e1 arrebatarte\u00bb.<\/em><\/p>\n\n\n\n<figure><iframe loading=\"lazy\" width=\"560\" height=\"315\" src=\"https:\/\/www.youtube.com\/embed\/3hh2kNv05cM\" allowfullscreen=\"\"><\/iframe><\/figure>\n\n\n\n<h3 class=\"wp-block-heading\">Saldremos A La Lluvia<\/h3>\n\n\n\n<p>Canci\u00f3n que da t\u00edtulo a&nbsp;<a href=\"https:\/\/los40.com\/los40\/2009\/06\/09\/videoclips\/0000214321_214321.html\">su cuarto disco<\/a>, grabado en su mayor\u00eda en la isla de Creta, de ah\u00ed las numerosas influencias de m\u00fasica griega que se reflejan en muchas de sus canciones<\/p>\n\n\n\n<figure><iframe loading=\"lazy\" width=\"560\" height=\"315\" src=\"https:\/\/www.youtube.com\/embed\/wyvjI9X67gQ\" allowfullscreen=\"\"><\/iframe><\/figure>\n\n\n\n<h3 class=\"wp-block-heading\">Somos Levedad<\/h3>\n\n\n\n<p>Aunque la canci\u00f3n original se encuentra dentro de su \u00e1lbum&nbsp;<em>Nunca el Tiempo Es Perdido<\/em>, ahora&nbsp;<strong>Manolo Garc\u00eda<\/strong>&nbsp;la ha rescatado en su versi\u00f3n ac\u00fastica y es el segundo adelanto de&nbsp;<a href=\"https:\/\/los40.com\/los40\/2020\/06\/04\/videoclips\/1591286166_153912.html\">su \u00e1lbum&nbsp;<em>Ac\u00fastico, Ac\u00fastico, Ac\u00fastico<\/em><\/a><em>,<\/em>&nbsp;a la venta a partir del 3 de julio y en el que podremos disfrutar de una recopilaci\u00f3n de directos del barcelon\u00e9s desde 2016.<\/p>\n\n\n\n<figure><iframe loading=\"lazy\" width=\"560\" height=\"315\" src=\"https:\/\/www.youtube.com\/embed\/JXRSJwmQ6iw\" allowfullscreen=\"\"><\/iframe><\/figure>\n\n\n\n<p>Una muestra de c\u00f3mo, con cada canci\u00f3n,\u00a0<strong>Manolo Garc\u00eda<\/strong>\u00a0se ha convertido en uno de los artistas imprescindibles de nuestra m\u00fasica.<\/p>\n\n\n\n<p>Fuente: Los 40 &#8211; <a href=\"https:\/\/los40.com\/los40\/2020\/06\/05\/los40classic\/1591348183_909764.html\" target=\"_blank\" rel=\"noreferrer noopener\">ENLACE<\/a><\/p>\n","protected":false},"excerpt":{"rendered":"<p>Tras una vida entera dedicada a la m\u00fasica, el cantautor barcelon\u00e9s lleva d\u00e9cadas regal\u00e1ndonos melod\u00edas inconfundibles Manolo Garc\u00eda&nbsp;y su sonido inconfundible han hecho de \u00e9l uno de los artistas m\u00e1s ic\u00f3nicos de nuestra m\u00fasica. Le conocimos como vocalista de la banda&nbsp;El \u00daltimo De La Fila&nbsp;grupo que nos dej\u00f3 canciones para el recuerdo como&nbsp;Mar antiguo, Como<a class=\"moretag\" href=\"https:\/\/www.manologarciaycia.com\/?p=20975\" title=\"MANOLO GARC\u00cdA: 10 CANCIONES IMPRESCINDIBLES DE SU CARRERA EN SOLITARIO\" target=\"_self\" rel=\"follow\"> <font face=arial size=2>[Leer m\u00e1s]<\/font> <\/a><\/p>\n","protected":false},"author":2,"featured_media":20977,"comment_status":"closed","ping_status":"closed","sticky":false,"template":"","format":"standard","meta":{"footnotes":""},"categories":[1],"tags":[],"class_list":["post-20975","post","type-post","status-publish","format-standard","has-post-thumbnail","hentry","category-manolo-garcia"],"_links":{"self":[{"href":"https:\/\/www.manologarciaycia.com\/index.php?rest_route=\/wp\/v2\/posts\/20975","targetHints":{"allow":["GET"]}}],"collection":[{"href":"https:\/\/www.manologarciaycia.com\/index.php?rest_route=\/wp\/v2\/posts"}],"about":[{"href":"https:\/\/www.manologarciaycia.com\/index.php?rest_route=\/wp\/v2\/types\/post"}],"author":[{"embeddable":true,"href":"https:\/\/www.manologarciaycia.com\/index.php?rest_route=\/wp\/v2\/users\/2"}],"replies":[{"embeddable":true,"href":"https:\/\/www.manologarciaycia.com\/index.php?rest_route=%2Fwp%2Fv2%2Fcomments&post=20975"}],"version-history":[{"count":2,"href":"https:\/\/www.manologarciaycia.com\/index.php?rest_route=\/wp\/v2\/posts\/20975\/revisions"}],"predecessor-version":[{"id":20981,"href":"https:\/\/www.manologarciaycia.com\/index.php?rest_route=\/wp\/v2\/posts\/20975\/revisions\/20981"}],"wp:featuredmedia":[{"embeddable":true,"href":"https:\/\/www.manologarciaycia.com\/index.php?rest_route=\/wp\/v2\/media\/20977"}],"wp:attachment":[{"href":"https:\/\/www.manologarciaycia.com\/index.php?rest_route=%2Fwp%2Fv2%2Fmedia&parent=20975"}],"wp:term":[{"taxonomy":"category","embeddable":true,"href":"https:\/\/www.manologarciaycia.com\/index.php?rest_route=%2Fwp%2Fv2%2Fcategories&post=20975"},{"taxonomy":"post_tag","embeddable":true,"href":"https:\/\/www.manologarciaycia.com\/index.php?rest_route=%2Fwp%2Fv2%2Ftags&post=20975"}],"curies":[{"name":"wp","href":"https:\/\/api.w.org\/{rel}","templated":true}]}}