{"id":20973,"date":"2020-06-06T12:31:54","date_gmt":"2020-06-06T10:31:54","guid":{"rendered":"https:\/\/www.manologarciaycia.com\/?p=20973"},"modified":"2020-06-06T12:31:59","modified_gmt":"2020-06-06T10:31:59","slug":"manolo-garcia-una-experiencia-preciosa-poder-cantar-soltando-menos-alaridos-desganitandome-menos","status":"publish","type":"post","link":"https:\/\/www.manologarciaycia.com\/?p=20973","title":{"rendered":"MANOLO GARC\u00cdA: \u201cUNA EXPERIENCIA PRECIOSA, PODER CANTAR SOLTANDO MENOS ALARIDOS, DESGA\u00d1IT\u00c1NDOME MENOS\u201d"},"content":{"rendered":"\n<p>Hablamos de su pr\u00f3ximo disco en ac\u00fastico y del futuro de los directos<\/p>\n\n\n\n<p>Quien se confiesa seguidor de&nbsp;<a href=\"https:\/\/los40.com\/tag\/manolo_garcia\/a\/\"><strong>Manolo Garc\u00eda<\/strong><\/a>&nbsp;seguro que ha ido en alguna ocasi\u00f3n a ver alguno de sus directos porque sobre un escenario est\u00e1 en su salsa. No es de extra\u00f1ar que est\u00e9 habituado al cartel de \u2018entradas agotadas\u2019.<\/p>\n\n\n\n<p>Desde 2016 ha publicado&nbsp;<em>Todo es ahora en directo<\/em>&nbsp;y&nbsp;<em>Geometr\u00eda del rayo en directo<\/em>&nbsp;que se completa ahora con&nbsp;<em>Ac\u00fastico, ac\u00fastico, ac\u00fastico<\/em>, el \u00e1lbum en vivo que completa esta trilog\u00eda. Ver\u00e1 la luz el pr\u00f3ximo&nbsp;<strong>3 de julio<\/strong>&nbsp;y, de momento, se ha puesto en marcha una pre orden de&nbsp;<strong>edici\u00f3n limitada<\/strong>&nbsp;para conseguir este doble CD\/DVD en dos modalidades: con tres pases de backstage, o con un dibujo exclusivo y firmado por \u00e9l mismo.<\/p>\n\n\n\n<p>Hasta ahora ha ofrecido dos adelantos,&nbsp;<em>Somos levedad<\/em>&nbsp;y&nbsp;<em>A San Fernando, un ratito a pie y otro caminando<\/em>, dos de sus temas cl\u00e1sicos que se incluyeron en los 55 conciertos que ofreci\u00f3 en su \u00faltima gira ac\u00fastica el pasado a\u00f1o.&nbsp;<strong>La primera que hac\u00eda en este formato<\/strong>&nbsp;despu\u00e9s de cuatro d\u00e9cadas dedicado a esto.<\/p>\n\n\n\n<p>Este confinamiento le ha privado de los escenarios, pero no de disfrutar de la m\u00fasica. Y volver\u00e1, no sabe cu\u00e1ndo pero s\u00ed como no lo har\u00e1. De momento,&nbsp;<strong>se mantiene expectante y a la espera de c\u00f3mo va evolucionando la pandemia<\/strong>. \u00c9l la deja atr\u00e1s con la publicaci\u00f3n de un disco y&nbsp;<a href=\"https:\/\/los40.com\/los40\/2020\/06\/05\/los40classic\/1591378119_117893.html\">un libro del que nos ha hablado largo y tendido<\/a>. De eso, de c\u00f3mo recuerda la letra de tantas canciones o de aquella vez que sali\u00f3 al escenario en calzoncillos, hemos charlado un poco.<\/p>\n\n\n\n<p><strong>\u00bfC\u00f3mo ha vivido un n\u00f3mada como t\u00fa una cuarentena como esta?<\/strong><\/p>\n\n\n\n<p>Tengo dos caras, la parte de carretera, que es la parte m\u00e1s extrovertida, m\u00e1s luminosa, pero luego hay una parte de creaci\u00f3n, que son muchos meses al a\u00f1o de estar en un peque\u00f1o estudio trabajando y a m\u00ed me gusta. Ah\u00ed tambi\u00e9n pinto, y tengo mis libros, no, yo soy bastante interior tambi\u00e9n.<\/p>\n\n\n\n<p><strong>Sacas un disco de tu primera gira ac\u00fastica que hiciste el a\u00f1o pasado, \u00bfuna prueba de que siempre hay tiempo para una primera vez?<\/strong><\/p>\n\n\n\n<p>Claro, y de probar cosas nuevas. Es aleccionador y te aporta vida. Quitando miedos, recelos, igual fracaso, pero voy a intentarlo, como hay buena voluntad y buena fe. Despu\u00e9s de bastantes a\u00f1os de giras y discos, siempre el\u00e9ctricos, formaciones t\u00edpicas de rock, en la otra gira hice eso, pero al acabar est\u00e1bamos todos apenados, quer\u00edamos seguir. Pens\u00e9, voy a inventarme algo para justificar que quiero seguir. Y pens\u00e9, si nunca he hecho un ac\u00fastico, nunca. Ha resultado una experiencia preciosa, poder cantar soltando menos alaridos, desga\u00f1it\u00e1ndome menos.<\/p>\n\n\n\n<p><strong>\u00bfLo m\u00e1s complicado de este formato?<\/strong><\/p>\n\n\n\n<p>En el ac\u00fastico tienes que cantar muy bien, afinar mucho, porque se te ve el plumero, ah\u00ed est\u00e1 todo desnudo. Las guitarras ac\u00fasticas acompa\u00f1an dulcemente, la guitarra espa\u00f1ola, pero no te tapa. Una guitarra el\u00e9ctrica, con distorsi\u00f3n, en un momento dado un peque\u00f1o gallo, no pasa nada, ayer me fui de fiesta, estoy un poco af\u00f3nico, no, en ac\u00fastico, prohibido. Tienes que hilar muy fino. Ha sido muy bonito y todo el mundo se ha puesto las pilas.<\/p>\n\n\n\n<p><strong>Fueron 55 conciertos de tres horas de duraci\u00f3n\u2026 sobredosis sin saber lo que iba a venir despu\u00e9s, \u00bfc\u00f3mo ves ahora el futuro de los directos?<\/strong><\/p>\n\n\n\n<p>Incierto, ir\u00e1 mandando la necesidad, el consejo cl\u00ednico, la peligrosidad de las situaciones. Con todo el respeto, veo que hay alg\u00fan compa\u00f1ero tocando en un escenario y abajo la gente en coches, no lo criticar\u00e9, pero no me apetece hacer eso. Esas fotos que salen ahora que parecen sacadas de&nbsp;<em>Blade Runner<\/em>, con gente sentada en sillas separadas a tres metros de la de delante o la de al lado, es todo muy desangelado. Si alguien lo hace, ellos sabr\u00e1n, pero yo as\u00ed no quiero hacer los conciertos. Me parece bien que sean 400, yo he cantado para 400 y para 50 y a mucha honra, y he sido muy feliz, prefiero poquitos pero que est\u00e9n un poco juntos, que los novietes se puedan dar la mano, calorcillo humano. La separaci\u00f3n, no lo veo claro.<\/p>\n\n\n\n<blockquote class=\"wp-block-quote is-layout-flow wp-block-quote-is-layout-flow\"><p>Con toda mi jeta, salgo y canto una canci\u00f3n de hace 35 a\u00f1os y cuela, en el sentido cari\u00f1oso.<\/p><\/blockquote>\n\n\n\n<p><strong>Lo tuyo fueron conciertos de tres horas con cabida para muchas canciones, pero con cuatro d\u00e9cadas haciendo temas, hay mucho material, \u00bfte cost\u00f3 elegir el repertorio?<\/strong><\/p>\n\n\n\n<p>La verdad es que siempre me cuesta porque las canciones tienen su vida propia y se agarran a ti como lapas y les coges cari\u00f1o. Desde el a\u00f1o 81 que formamos Los R\u00e1pidos hasta el d\u00eda de hoy habr\u00e9 compuesto trescientas y pico, elegir treinta, me cuesta. Al final elijo de mi repertorio de Manolo Garc\u00eda, alg\u00fan recuerdo, en esta gira he tocado una de las primeras canciones que yo compuse,&nbsp;<em>Navaja de papel<\/em>, con&nbsp;<strong>Los R\u00e1pidos<\/strong>, canciones muy antiguas pero que para m\u00ed siguen vigentes y las canto con gran cari\u00f1o y las siento actuales. Con toda mi jeta, salgo y canto una canci\u00f3n de hace 35 a\u00f1os y cuela, en el sentido cari\u00f1oso.<\/p>\n\n\n\n<p><strong>Son muchas canciones, durante muchos a\u00f1os, \u00bferes capaz de mantener en la memoria la letra de todas esas canciones?<\/strong><\/p>\n\n\n\n<p>Para nada, ser\u00eda yo Superman. Sucede a veces, estar en un bar o en el coche, y en la radio suena una canci\u00f3n muy antigua tuya y dudas, \u00bfcu\u00e1ndo hice yo esto? Ni te acuerdas, no ya de la letra, sino la canci\u00f3n. Por unos instantes dudas. Cuando vas a hacer una gira y haces una selecci\u00f3n de canciones tienes que estudiar y a veces llevar chuletas y a veces, en los conciertos, te quedas en blanco y yo lo digo con toda mi franqueza y mi confianza con el p\u00fablico, \u2018oye, que me he quedado en blanco, seguid vosotros\u2019. No pasa nada. Olvidarte de una letra, tampoco es tanto. Se ve lo poquilla cosa que somos. Tanta parafernalia, tanta luz, los astros de la m\u00fasica, los reyes del rock y luego, como todo el mundo, caspa, caries, halitosis, aerofagias\u2026 somos human\u00edsimos.<\/p>\n\n\n\n<p><strong>T\u00fa eres un gran fot\u00f3grafo, \u00bfcon qu\u00e9 imagen te quedar\u00edas de esa gira?<\/strong><\/p>\n\n\n\n<p>En este tipo de giras de teatros, la foto suele estar en la trastienda, entre bambalinas. En camerinos hay a veces unas situaciones hilarantes, c\u00f3micas, somos bromistas y, a veces disfraces. El cambio de ropa, antes de salir hay un punto de presumidos, ah\u00ed hay foto, siempre. \u2018Ponte la falda de Olvido\u2019\u2026 \u2018\u00bfpero qu\u00e9 dices\u2019\u2026 ah\u00ed hay broma y foto tambi\u00e9n.<\/p>\n\n\n\n<p><strong>Pero t\u00fa, todav\u00eda, no has salido con falda, \u00bfno?<\/strong><\/p>\n\n\n\n<p>No, yo he salido con una bata de boxeador. Y en calzoncillos.<\/p>\n\n\n\n<blockquote class=\"wp-block-quote is-layout-flow wp-block-quote-is-layout-flow\"><p>Me fui a una tienda de lencer\u00eda y compr\u00e9 unos calzoncillos rojos.<\/p><\/blockquote>\n\n\n\n<p><strong>\u00bfPero en la \u00faltima gira?<\/strong><\/p>\n\n\n\n<p>No, en la anterior. Adem\u00e1s, como ya ten\u00eda la peque\u00f1a broma en mente me fui a una tienda de lencer\u00eda y compr\u00e9 unos calzoncillos rojos, ya que voy a ense\u00f1ar los calzoncillos, que se vean bien. Una chorrada como otra.<\/p>\n\n\n\n<p>Fuente: Cristina Zavala &#8211; Los 40.com &#8211; <a href=\"https:\/\/los40.com\/los40\/2020\/06\/05\/los40classic\/1591372749_618479.html\" target=\"_blank\" rel=\"noreferrer noopener\">ENLACE<\/a><\/p>\n","protected":false},"excerpt":{"rendered":"<p>Hablamos de su pr\u00f3ximo disco en ac\u00fastico y del futuro de los directos Quien se confiesa seguidor de&nbsp;Manolo Garc\u00eda&nbsp;seguro que ha ido en alguna ocasi\u00f3n a ver alguno de sus directos porque sobre un escenario est\u00e1 en su salsa. No es de extra\u00f1ar que est\u00e9 habituado al cartel de \u2018entradas agotadas\u2019. Desde 2016 ha publicado&nbsp;Todo<a class=\"moretag\" href=\"https:\/\/www.manologarciaycia.com\/?p=20973\" title=\"MANOLO GARC\u00cdA: \u201cUNA EXPERIENCIA PRECIOSA, PODER CANTAR SOLTANDO MENOS ALARIDOS, DESGA\u00d1IT\u00c1NDOME MENOS\u201d\" target=\"_self\" rel=\"follow\"> <font face=arial size=2>[Leer m\u00e1s]<\/font> <\/a><\/p>\n","protected":false},"author":2,"featured_media":0,"comment_status":"closed","ping_status":"closed","sticky":false,"template":"","format":"standard","meta":{"footnotes":""},"categories":[1],"tags":[],"class_list":["post-20973","post","type-post","status-publish","format-standard","hentry","category-manolo-garcia"],"_links":{"self":[{"href":"https:\/\/www.manologarciaycia.com\/index.php?rest_route=\/wp\/v2\/posts\/20973","targetHints":{"allow":["GET"]}}],"collection":[{"href":"https:\/\/www.manologarciaycia.com\/index.php?rest_route=\/wp\/v2\/posts"}],"about":[{"href":"https:\/\/www.manologarciaycia.com\/index.php?rest_route=\/wp\/v2\/types\/post"}],"author":[{"embeddable":true,"href":"https:\/\/www.manologarciaycia.com\/index.php?rest_route=\/wp\/v2\/users\/2"}],"replies":[{"embeddable":true,"href":"https:\/\/www.manologarciaycia.com\/index.php?rest_route=%2Fwp%2Fv2%2Fcomments&post=20973"}],"version-history":[{"count":1,"href":"https:\/\/www.manologarciaycia.com\/index.php?rest_route=\/wp\/v2\/posts\/20973\/revisions"}],"predecessor-version":[{"id":20974,"href":"https:\/\/www.manologarciaycia.com\/index.php?rest_route=\/wp\/v2\/posts\/20973\/revisions\/20974"}],"wp:attachment":[{"href":"https:\/\/www.manologarciaycia.com\/index.php?rest_route=%2Fwp%2Fv2%2Fmedia&parent=20973"}],"wp:term":[{"taxonomy":"category","embeddable":true,"href":"https:\/\/www.manologarciaycia.com\/index.php?rest_route=%2Fwp%2Fv2%2Fcategories&post=20973"},{"taxonomy":"post_tag","embeddable":true,"href":"https:\/\/www.manologarciaycia.com\/index.php?rest_route=%2Fwp%2Fv2%2Ftags&post=20973"}],"curies":[{"name":"wp","href":"https:\/\/api.w.org\/{rel}","templated":true}]}}