{"id":20970,"date":"2020-06-06T09:41:53","date_gmt":"2020-06-06T07:41:53","guid":{"rendered":"https:\/\/www.manologarciaycia.com\/?p=20970"},"modified":"2020-06-06T09:44:53","modified_gmt":"2020-06-06T07:44:53","slug":"entrevista-a-manolo-garcia-en-m80-radio-22-3-2018","status":"publish","type":"post","link":"https:\/\/www.manologarciaycia.com\/?p=20970","title":{"rendered":"Entrevista a Manolo Garc\u00eda en M80 Radio, 22\/3\/2018"},"content":{"rendered":"\n<p>Entrevista a Manolo Garc\u00eda en M80 Radio, durante el 25 Anviersario de la Cadena, el 22\/3\/2018. <\/p>\n\n\n\n<p>\u201cNo me apetece nada vivir mi vida en dos dimensiones\u201d<\/p>\n\n\n\n<p>Se une a nuestro aniversario #25deM80 y nos visita con &#8216;Geometr\u00eda del rayo&#8217;, su nuevo disco, bajo el brazo. No te pierdas este caf\u00e9 con Manolo Garc\u00eda, nuestros oyentes y con M\u00f3nica Ord\u00f3\u00f1ez. #25deM80<\/p>\n","protected":false},"excerpt":{"rendered":"<p>Entrevista a Manolo Garc\u00eda en M80 Radio, durante el 25 Anviersario de la Cadena, el 22\/3\/2018. \u201cNo me apetece nada vivir mi vida en dos dimensiones\u201d Se une a nuestro aniversario #25deM80 y nos visita con &#8216;Geometr\u00eda del rayo&#8217;, su nuevo disco, bajo el brazo. No te pierdas este caf\u00e9 con Manolo Garc\u00eda, nuestros oyentes<a class=\"moretag\" href=\"https:\/\/www.manologarciaycia.com\/?p=20970\" title=\"Entrevista a Manolo Garc\u00eda en M80 Radio, 22\/3\/2018\" target=\"_self\" rel=\"follow\"> <font face=arial size=2>[Leer m\u00e1s]<\/font> <\/a><\/p>\n","protected":false},"author":2,"featured_media":0,"comment_status":"closed","ping_status":"closed","sticky":false,"template":"","format":"video","meta":{"footnotes":""},"categories":[1],"tags":[],"class_list":["post-20970","post","type-post","status-publish","format-video","hentry","category-manolo-garcia","post_format-post-format-video"],"_links":{"self":[{"href":"https:\/\/www.manologarciaycia.com\/index.php?rest_route=\/wp\/v2\/posts\/20970","targetHints":{"allow":["GET"]}}],"collection":[{"href":"https:\/\/www.manologarciaycia.com\/index.php?rest_route=\/wp\/v2\/posts"}],"about":[{"href":"https:\/\/www.manologarciaycia.com\/index.php?rest_route=\/wp\/v2\/types\/post"}],"author":[{"embeddable":true,"href":"https:\/\/www.manologarciaycia.com\/index.php?rest_route=\/wp\/v2\/users\/2"}],"replies":[{"embeddable":true,"href":"https:\/\/www.manologarciaycia.com\/index.php?rest_route=%2Fwp%2Fv2%2Fcomments&post=20970"}],"version-history":[{"count":1,"href":"https:\/\/www.manologarciaycia.com\/index.php?rest_route=\/wp\/v2\/posts\/20970\/revisions"}],"predecessor-version":[{"id":20971,"href":"https:\/\/www.manologarciaycia.com\/index.php?rest_route=\/wp\/v2\/posts\/20970\/revisions\/20971"}],"wp:attachment":[{"href":"https:\/\/www.manologarciaycia.com\/index.php?rest_route=%2Fwp%2Fv2%2Fmedia&parent=20970"}],"wp:term":[{"taxonomy":"category","embeddable":true,"href":"https:\/\/www.manologarciaycia.com\/index.php?rest_route=%2Fwp%2Fv2%2Fcategories&post=20970"},{"taxonomy":"post_tag","embeddable":true,"href":"https:\/\/www.manologarciaycia.com\/index.php?rest_route=%2Fwp%2Fv2%2Ftags&post=20970"}],"curies":[{"name":"wp","href":"https:\/\/api.w.org\/{rel}","templated":true}]}}