{"id":20968,"date":"2020-06-06T09:26:21","date_gmt":"2020-06-06T07:26:21","guid":{"rendered":"https:\/\/www.manologarciaycia.com\/?p=20968"},"modified":"2020-06-06T09:26:26","modified_gmt":"2020-06-06T07:26:26","slug":"manolo-garcia-la-musica-popular-moderna-es-la-poesia-de-ahora","status":"publish","type":"post","link":"https:\/\/www.manologarciaycia.com\/?p=20968","title":{"rendered":"Manolo Garc\u00eda: \u00abLa m\u00fasica popular moderna es la poes\u00eda de ahora\u00bb"},"content":{"rendered":"\n<p>El cantautor re\u00fane en &#8216;El fin del principio&#8217; algunos de sus poemas in\u00e9ditos acompa\u00f1ados de sus propias pinturas y dibujos. Adem\u00e1s, el 3 de julio saca disco nuevo a modo de diario de viaje de su \u00faltima gira en directo<\/p>\n\n\n\n<p>Lleva alrededor de cuatro d\u00e9cadas dedic\u00e1ndose a la m\u00fasica. Compositor y letrista de sus canciones, Manolo Garc\u00eda (1955, El Poblenou) est\u00e1 de doble estreno. Acaba de publicar su libro m\u00e1s completo de poes\u00eda,&nbsp;<em>El fin del principio<\/em>&nbsp;(Aguilar). Un volumen de algo m\u00e1s de 100 poemas in\u00e9ditos acompa\u00f1ados de sus propias pinturas y dibujos. Pronto tambi\u00e9n, el 3 de julio, sacar\u00e1 disco nuevo, el \u201cdiario de viaje\u201d de su \u00faltima gira en directo del que ya escuchamos un avance de su tema&nbsp;<em>Somos levedad<\/em>, como \u201creflexi\u00f3n a este tiempo de confinamiento\u201d. \u201c<strong>Dentro de la esperanza, angustia y euforia, dentro de el vaiv\u00e9n emocional que vivo -nos cuenta- est\u00e1n mis poemas.<\/strong>&nbsp;Tambi\u00e9n mis canciones y mis cuadros. De momento me vale con refrenar un poco la angustia, porque angustiados y con miedo no hacemos nada, nos quedamos paralizados\u201d.<\/p>\n\n\n\n<p>De entre sus \u00faltimos trabajos, confiesa Garc\u00eda que, no obstante, el libro le hace especial ilusi\u00f3n. Autor de publicaciones como&nbsp;<em>Vacaciones de m\u00ed mismo<\/em>, donde reun\u00eda algunas de las letras de sus canciones con ilustraciones, no es la primera vez que escribe de poes\u00eda. Ya lo hizo, en menor medida, con&nbsp;<em>El fruto de la rama m\u00e1s alta<\/em>. \u201cEstuvo bien pero de este estoy muy contento, estoy como un ni\u00f1o con zapatos nuevos, con las ideas, la presentaci\u00f3n y los dibujos que he incluido\u201d, comparte el cantante.<\/p>\n\n\n\n<p><strong>Pregunta.<\/strong>\u00a0\u00bfY c\u00f3mo es el \u201cfin del principio\u201d?<\/p>\n\n\n\n<p><strong>Respuesta.<\/strong>&nbsp;Pues yo creo que el planeta ha soportado estoicamente durante mucho tiempo nuestras cuitas, pecados y virtudes. Pero ahora est\u00e1n cambiando un poco las cosas y yo creo que una etapa se est\u00e1 acabando. Esa etapa que puede haber durado desde que el ser humano empez\u00f3 a escribir sobre tablillas de barro o de arcilla hasta hoy. Ya en la Revoluci\u00f3n Industrial empezamos a ver cambios muy bestias y ahora ya se ha acelerado todo.&nbsp;<strong>Nuestra actividad, m\u00e1s o menos cuestionable, ha dado como resultado que est\u00e9 aumentando la temperatura del planeta.<\/strong>&nbsp;As\u00ed que hay que asumir que ha acabado una etapa, que empieza otra y que tenemos que gestionarlo lo mejor posible porque es la madre de todas las batallas. Esa es mi referencia al fin del principio. Acaba un tiempo con sus cosas estupendas y sus cosas terribles y empieza otro donde las necesidades primarias van a variar. Ahora tenemos una oportunidad de mejorar. Pero tenemos que ver c\u00f3mo hacemos para que no nos carguemos con nuestras quimeras o necesidades reales o inventadas la materia prima de la vida.<\/p>\n\n\n\n<blockquote class=\"wp-block-quote is-layout-flow wp-block-quote-is-layout-flow\"><p>\u00abEllo, lo que fuere, llega, no llama. Est\u00e1s agarrando una guitarra y estas notando ese algo que te emociona, que te evade y te hace inmune a los asedios del exterior\u00bb<\/p><\/blockquote>\n\n\n\n<p><strong>P.<\/strong>&nbsp;En su poemario,&nbsp;<em>El fin del principio<\/em>, hay muchas referencias literarias a Borges, Faulkner, Cernuda, Mary Shelley\u2026 \u00bfqui\u00e9nes son sus autores de cabecera, los que le inspiran, a los que le gusta volver?<\/p>\n\n\n\n<p><strong>R.<\/strong>\u00a0Todos ellos los que nombro en mis poemas y otros muchos que est\u00e1n en mi vida, en mis d\u00edas, son mis compa\u00f1eros, est\u00e1n vivos. De Michel de Montaigne puedes leer cualquiera de sus ensayos, cualquier p\u00e1rrafo incluso, y es aleccionador.\u00a0<strong>Borges\u00a0es un alien\u00edgena. Tiene un magnetismo especial.\u00a0<\/strong>Entras a sus p\u00e1ginas y estas con \u00e9l. Su mundo nos seduce a muchos. Tiene esa capacidad, esa magia. Como \u00e9l much\u00edsimos.\u00a0Gil de Biedma, un hombre que decidi\u00f3 no escribir m\u00e1s porque ya lo hab\u00eda dicho todo\u2026 Tambi\u00e9n est\u00e1n\u00a0Pedro Salinas, los poetas de la Generaci\u00f3n del 27,\u00a0Miguel Hern\u00e1ndez\u2026 Poetas de ahora como\u00a0Manuel Vilas\u00a0cuando se pone estupendo con sus versos. Tiene un cachondeo, una iron\u00eda y un desparpajo, una brutalidad que quiz\u00e1s pueda escandalizar. Hay mucho poeta de ahora y de antes. Hay mucho m\u00fasico tambi\u00e9n. Anoche vi un documental de los muchos que hay sobre\u00a0Dylan\u00a0y me emocion\u00e9. Joan B\u00e1ez en un momento dado dice: \u00abEste hombre tiene algo que atrapa, un carisma..\u00bb. Es eso que tiene Borges, Gil de Biedma, Michel de Montaigne o Cormac McCarthy. Esos mundos que crean, reales, ficticios o imaginarios\u2026 Esa mezcla que nadie sabr\u00e1 nunca y que te atrapa. Son compa\u00f1eros de viaje.<\/p>\n\n\n\n<p><strong>P.<\/strong>&nbsp;\u00bfQu\u00e9 diferencias encuentra entre componer poes\u00eda y componer m\u00fasica?<\/p>\n\n\n\n<p><strong>R.<\/strong>\u00a0Es muy parecido en el sentido de que ello, lo que fuere, llega, no llama. Est\u00e1 ah\u00ed. Est\u00e1s agarrando una guitarra o tienes las manos en el teclado de un piano y estas notando c\u00f3mo algo est\u00e1 llegando, algo que te emociona, que te traslada, que te evade, que te hace inmune a lo que te rodea, a los asedios del exterior, al noticiario de las tres con el repunte de 800 muertos. No puedes evitarlos, pero esa mano sobre las teclas del piano, esos acordes sencillos en una guitarra o esa pluma estilogr\u00e1fica te libra durante unos segundos del peso de la gravedad y sus consecuencias nefastas. Te hace levitar. El arte es important\u00edsimo. Es medicina para el esp\u00edritu. El se\u00f1or ministro que hace poco dec\u00eda algo as\u00ed como que la cultura no es tan importante\u2026 Hombre, claro que lo primero es lo primero. No morirse es lo primero. La sanidad es importante y la ense\u00f1anza y el tema laboral que es vital para un pa\u00eds, pero la cultura tambi\u00e9n da de comer a mucha gente y da vida a otra mucha m\u00e1s. Yo lo veo en los conciertos. Cuando veo a la gente que me rodea la veo exultante y feliz. Entonces lo pienso. Esto tiene un sentido magn\u00edfico, la vida cobra sentido en este rato.\u00a0<strong>Mientras el planeta tierra gire alguien seguir\u00e1 emocion\u00e1ndose con Borges, con\u00a0Shakespeare o con Cervantes.\u00a0<\/strong><\/p>\n\n\n\n<p><strong>P.<\/strong>&nbsp;\u00bfSe define, como dice en uno de sus versos, como un excursionista mental?<\/p>\n\n\n\n<p><strong>R.<\/strong>&nbsp;Ser excursionista mental es magn\u00edfico. Yo lo he aprendido con el paso de los a\u00f1os. Viajar con la mente, viajar desde el sof\u00e1, es estupendo. En este caso, el bast\u00f3n o las botas que te ayudar\u00e1n en este viaje son los libros y es la m\u00fasica. Yo soy excursionista mental desde mi sof\u00e1. Y cuando Faulkner habla de Alabama, de un poblacho de Tennessee, t\u00fa ya est\u00e1s viendo los campos, los pantanos, los aguazales, los jinetes o las mulas. Porque lo has visto ya. O en la vida o en el cine. Eso te da una posibilidad ampl\u00edsima de vida mental. De excursi\u00f3n.<\/p>\n\n\n\n<blockquote class=\"wp-block-quote is-layout-flow wp-block-quote-is-layout-flow\"><p>\u00abLo que busco siempre es que las letras de mis canciones se aguanten de pie solas. Si no lo hacen ya no les pongo m\u00fasica\u00bb<\/p><\/blockquote>\n\n\n\n<p><strong>P.<\/strong>&nbsp;\u00bfC\u00f3mo ha sido la selecci\u00f3n de sus poemas y dibujos?<\/p>\n\n\n\n<p><strong>R.<\/strong>&nbsp;Con mucha criba y tiempo. Las prisas son malas consejeras. En el arte tambi\u00e9n. Para tener tres cuadros buenos tienes que hacer treinta probablemente.&nbsp;<strong>Con las canciones pasa lo mismo. Si tienes diez, alguna casta\u00f1a se te ha colado. Si tienes 50 puedes cribar<\/strong>&nbsp;e intentar que las diez finales que incluyas en tu disco sean estupendas. Para presentar los ciento y pico poemas que hay en este libro he escrito durante mucho tiempo. Pero no como una obligaci\u00f3n, por supuesto. Es por esa necesidad, generalmente matinal con un caf\u00e9, de empezar a reflexionar. Busco canciones en un principio pero al final las canciones quedan en un texto. De todas formas, gran parte de la poes\u00eda actual es la m\u00fasica. Es el rock y el pop. Ah\u00ed tenemos a Bob Dylan. Pudo haber gente que se escandalizara con su Nobel pero unos cuantos miles o millones cre\u00edmos que lo merece porque nos ha emocionado y ha dicho cosas. Los pol\u00edticos de su pa\u00eds le han tenido en cuenta porque est\u00e1 hablando. Yo humildemente desde mi peque\u00f1a silla a la sombra y con una cerveza en la mano escribo para luego m\u00e1s tarde intentar cantar estos textos. Pero veo que quiero decir muchas m\u00e1s cosas de las que quiero cantar. Eso lo voy acumulando en una libretita y lo voy dejando en reposo. Y las que no las rompo. La criba ha empezado a funcionar. Y esa criba te la permite el tiempo. Si tienes prisa te aturullas.&nbsp;<\/p>\n\n\n\n<p><strong>P.<\/strong>&nbsp;\u00bfY puede pasar que algunos de esos poemas acabe siendo canci\u00f3n?<\/p>\n\n\n\n<p><strong>R.<\/strong>&nbsp;Una buena canci\u00f3n se compone de un texto bueno y una m\u00fasica con magia. Yo lo que busco siempre es que las letras de mis canciones se aguanten de pie solas. Que si les quitas la m\u00fasica sean correctas, digan cosas coherentes o cosas po\u00e9ticas\u2026 Esa es mi prueba de fuego. Si no se aguantan solas ya no les pongo m\u00fasica. Con la m\u00fasica es igual. A veces incluso lo hacemos al rev\u00e9s. Los m\u00fasicos tenemos cualquier sistema. A veces tenemos una melod\u00eda que no significa nada y luego tendr\u00e1s que hacer un crucigrama, tendr\u00e1s que empezar a meter s\u00edlabas de palabras. Puedes hacer lo que quieras pero las palabras que utilices en esa melod\u00eda que has inventado aleatoriamente tendr\u00e1n que tener una carga, una fuerza, en conjunto o por s\u00ed mismas. Ah\u00ed est\u00e1 el Dad\u00e1 o la fotograf\u00eda surrealista. Tienen una fuerza, son un ca\u00f1onazo. En la m\u00fasica pasa igual. En la m\u00fasica popular moderna, que para m\u00ed es la poes\u00eda de ahora, desde un rapero, hiphopero, heavy metal, pop, rock\u2026 cualquier estilo,&nbsp;<strong>hay bandas y hay m\u00fasicos capaces de escribir poes\u00eda y cantarla. Ese es el regalo de los dioses en estos tiempos.<\/strong>&nbsp;En la Edad Media hab\u00eda poetas, ahora hay poetas con m\u00fasica.&nbsp;<\/p>\n\n\n\n<blockquote class=\"wp-block-quote is-layout-flow wp-block-quote-is-layout-flow\"><p>\u00abPara el m\u00fasico las versiones de gente con m\u00f3viles, con mejor o peor intenci\u00f3n, con un sonido infame, son un insulto. Nosotros dedicamos meses a intentar que las canciones suenen impecables\u00bb<\/p><\/blockquote>\n\n\n\n<p><strong>P.<\/strong>&nbsp;Adem\u00e1s, el pr\u00f3ximo 3 de julio, lanza nuevo disco, un recopilatorio de su \u00faltima gira, \u00bfes especial para usted?<\/p>\n\n\n\n<p><strong>R.<\/strong>&nbsp;Es especial porque yo no ten\u00eda costumbre de hacer muchos directos, m\u00e1s bien ninguno, a m\u00ed me gustaba caminar y crear canciones nuevas. Es una cr\u00f3nica de la gira del a\u00f1o pasado que era mi primera gira ac\u00fastica. Siempre hab\u00eda tocado el\u00e9ctrico, y eso me ha dado otro colorido, otra posibilidad de interpretar y de revisar canciones antiguas. El disco es una cr\u00f3nica, es un peque\u00f1o cuaderno de viaje. Pero es el tercero, en las \u00faltimas tres giras, al acabarlas, he hecho un directo. \u00bfPor qu\u00e9 me ha dado por eso ahora? \u00bfYa no tengo ganas de hacer cosas nuevas? En absoluto. Pero s\u00ed que durante algunos meses me dedico a esta tarea de recopilar los conciertos de la gira que he grabado, mezclarlos y ofrecerlos al p\u00fablico para que tengan una calidad. Para que yo controle el sonido y no corran por ah\u00ed versiones de gente con m\u00f3viles, con mejor o peor intenci\u00f3n, grabando con ruidos, con un sonido infame\u2026 Para el m\u00fasico eso es un insulto. Nosotros que nos dedicamos meses, d\u00edas, miles de horas de nuestra vida a intentar que las canciones suenen impecables, bonitas, con brillo, con bajos, graves, agudos\u2026 y o\u00edr c\u00f3mo ahora mismo se oyen esas canciones de cualquier manera\u2026&nbsp;<strong>Yo intento que mis discos suenen bien para el que los quiera, los compre, los baje, los piratee, ya me da un poco igual, ya ni me quejo, simplemente quiero que el que lo oiga aprecie c\u00f3mo suena<\/strong>, c\u00f3mo le llega la canci\u00f3n. Ese es el intento. Que quede una cr\u00f3nica digna de una gira que pas\u00f3, que no volver\u00e1 y que fue bonita.<\/p>\n\n\n\n<p><strong>P.<\/strong>&nbsp;\u00bfC\u00f3mo ve el panorama musical actual?<\/p>\n\n\n\n<p><strong>R.<\/strong>&nbsp;La verdad es que no estoy muy al tanto ya. Nos suele pasar ya a los veteranos. Lo confieso. Pero bueno yo me decantar\u00eda evidentemente por la m\u00fasica indie que en principio es m\u00e1s libre en cuanto a creaci\u00f3n. En teor\u00eda viene de unos valles de libertad, de una pretensi\u00f3n mucho m\u00e1s suelta. Los productos a veces de las compa\u00f1\u00edas tienen una finalidad \u00fanicamente cremast\u00edtica. Mientras que a las bandas alternativas se les presupone una pretensi\u00f3n art\u00edstica importante. Luego tambi\u00e9n tienen que ganarse la vida. A d\u00eda de hoy hay una eclosi\u00f3n, hay una cantidad enorme de gente joven haciendo m\u00fasica. A mayor cantidad, mayor posibilidad de buenas bandas.&nbsp;<strong>La cantera no se va a agotar nunca porque es inherente al ser humano. Somos creativos. Hemos inventado el botijo, la llave inglesa, la rueda\u2026 En la m\u00fasica igual.&nbsp;<\/strong>Camar\u00f3n ya no est\u00e1 pero aparecer\u00e1 un d\u00eda un nuevo Camar\u00f3n diferente, no tendr\u00e1 nada que ver, pero emocionar\u00e1 igual. \u00bfEn la m\u00fasica actual? Claro que hay cosas. Yo pido disculpas pero estoy agarrado a mis cl\u00e1sicos: Radiohead, Green Day, Lez Zeppelin; mis grupos fetiches como Police, Pretenders, The Clash\u2026. Y yo sigo agarrado ah\u00ed. Yo pido perd\u00f3n. Soy una persona ya lejos de las leyes de los hombres y de sus actualidades.<\/p>\n\n\n\n<blockquote class=\"wp-block-quote is-layout-flow wp-block-quote-is-layout-flow\"><p>\u00abEse es el futuro de la m\u00fasica y la cultura: la lucha. \u00bfQu\u00e9 necesitamos? Vivir. La gente joven est\u00e1 un poco desangelada porque no ve futuro. Eso es terrible. Eso no puede suceder\u00bb<\/p><\/blockquote>\n\n\n\n<p><strong>P.<\/strong>&nbsp;Hace cuarenta a\u00f1os que vive de la m\u00fasica, \u00bfqu\u00e9 ve cuando mira hacia atr\u00e1s?<\/p>\n\n\n\n<p><strong>R.<\/strong>&nbsp;Veo mucha ilusi\u00f3n. Veo a un colectivo de m\u00fasicos exultantes en este pa\u00eds. Eran los a\u00f1os 70 u 80, una apertura en un tiempo con unos colores grises, grises, feotes por una situaci\u00f3n pol\u00edtica, social, econ\u00f3mica\u2026 De repente, empiezo a ver a final de los 70. Ah\u00ed ya tengo yo una edad en la que me doy cuenta de las cosas y ya estoy en activo, ya estoy pedaleando por ah\u00ed. A finales de los 70, 80 y 90, veo entusiasmo, creatividad e incluso una necesidad real del cuerpo pol\u00edtico de la clase art\u00edstica. Les necesitan para normalizar el pa\u00eds, para mostrarle a Europa que Espa\u00f1a es un pa\u00eds normal y que va hacia adelante. Dentro de la farsa y la pantomima hay una parte positiva que es que la poblaci\u00f3n se siente m\u00e1s libre. Es un tiempo laboralmente bueno en general. Hay apertura.&nbsp;<strong>Ahora ha cambiado. Ese tiempo pasado lo veo como exultante, lo veo como magn\u00edfico, pero no fue mejor.<\/strong>&nbsp;No es que todo lo de antes fuera mejor.<\/p>\n\n\n\n<p><strong>P.&nbsp;<\/strong>\u00bfY c\u00f3mo estamos ahora?<\/p>\n\n\n\n<p><strong>R.\u00a0<\/strong>Ahora hay cosas magn\u00edficas. Pero entiendo que ahora la gente joven tiene otros frentes y tiene que meterse en harina, tiene que luchar por sus derechos y por su futuro. El futuro es suyo, es de la gente joven. Hemos de luchar todos por una justicia social, por unas medidas justas a cambio de lo que aportamos, que es toda nuestra vida, todo nuestro trabajo y nuestros impuestos. Entonces que haya m\u00e9dicos, que haya enfermeros. \u00bfSi hacen falta 100 m\u00e9dicos por qu\u00e9 solo hay 20 y esos 20 se matan a trabajar? Mientras unos se\u00f1ores pol\u00edticos van con unos cochazos, sus guardaspaldas y unas dietas\u2026 hombre seamos todos compa\u00f1eros de viaje, ajustemos un poquito, seamos humanitarios. Ese es el futuro de la m\u00fasica y la cultura: la lucha, obviamente pac\u00edfica. Esa gesti\u00f3n de la necesidad<strong>.<\/strong>\u00a0\u00bfQu\u00e9 necesitamos? Vivir. No esa angustia.\u00a0<strong>La gente joven est\u00e1 un poco desangelada porque no ve futuro. Eso es terrible. Eso no puede suceder.\u00a0<\/strong>Hay que cambiar esa situaci\u00f3n. Y los primeros que tienen que empezar a hacerlo son ellos. Y evidentemente el pol\u00edtico de turno deber\u00eda pedir disculpas o explicarse y arreglarlo. No mirar para otro lado y emplear el tiempo en pelearse o insultarse en el parlamento. Esos bochornos hay que alejarlos de nuestras vidas.\u00a0<\/p>\n\n\n\n<p>Fuente: Marta Ailouti &#8211; El Cultural &#8211; <a href=\"https:\/\/elcultural.com\/manolo-garcia-la-musica-popular-moderna-es-la-poesia-de-ahora\" target=\"_blank\" rel=\"noreferrer noopener\">ENLACE<\/a><\/p>\n","protected":false},"excerpt":{"rendered":"<p>El cantautor re\u00fane en &#8216;El fin del principio&#8217; algunos de sus poemas in\u00e9ditos acompa\u00f1ados de sus propias pinturas y dibujos. Adem\u00e1s, el 3 de julio saca disco nuevo a modo de diario de viaje de su \u00faltima gira en directo Lleva alrededor de cuatro d\u00e9cadas dedic\u00e1ndose a la m\u00fasica. Compositor y letrista de sus canciones,<a class=\"moretag\" href=\"https:\/\/www.manologarciaycia.com\/?p=20968\" title=\"Manolo Garc\u00eda: \u00abLa m\u00fasica popular moderna es la poes\u00eda de ahora\u00bb\" target=\"_self\" rel=\"follow\"> <font face=arial size=2>[Leer m\u00e1s]<\/font> <\/a><\/p>\n","protected":false},"author":2,"featured_media":20929,"comment_status":"closed","ping_status":"closed","sticky":false,"template":"","format":"standard","meta":{"footnotes":""},"categories":[1],"tags":[],"class_list":["post-20968","post","type-post","status-publish","format-standard","has-post-thumbnail","hentry","category-manolo-garcia"],"_links":{"self":[{"href":"https:\/\/www.manologarciaycia.com\/index.php?rest_route=\/wp\/v2\/posts\/20968","targetHints":{"allow":["GET"]}}],"collection":[{"href":"https:\/\/www.manologarciaycia.com\/index.php?rest_route=\/wp\/v2\/posts"}],"about":[{"href":"https:\/\/www.manologarciaycia.com\/index.php?rest_route=\/wp\/v2\/types\/post"}],"author":[{"embeddable":true,"href":"https:\/\/www.manologarciaycia.com\/index.php?rest_route=\/wp\/v2\/users\/2"}],"replies":[{"embeddable":true,"href":"https:\/\/www.manologarciaycia.com\/index.php?rest_route=%2Fwp%2Fv2%2Fcomments&post=20968"}],"version-history":[{"count":1,"href":"https:\/\/www.manologarciaycia.com\/index.php?rest_route=\/wp\/v2\/posts\/20968\/revisions"}],"predecessor-version":[{"id":20969,"href":"https:\/\/www.manologarciaycia.com\/index.php?rest_route=\/wp\/v2\/posts\/20968\/revisions\/20969"}],"wp:featuredmedia":[{"embeddable":true,"href":"https:\/\/www.manologarciaycia.com\/index.php?rest_route=\/wp\/v2\/media\/20929"}],"wp:attachment":[{"href":"https:\/\/www.manologarciaycia.com\/index.php?rest_route=%2Fwp%2Fv2%2Fmedia&parent=20968"}],"wp:term":[{"taxonomy":"category","embeddable":true,"href":"https:\/\/www.manologarciaycia.com\/index.php?rest_route=%2Fwp%2Fv2%2Fcategories&post=20968"},{"taxonomy":"post_tag","embeddable":true,"href":"https:\/\/www.manologarciaycia.com\/index.php?rest_route=%2Fwp%2Fv2%2Ftags&post=20968"}],"curies":[{"name":"wp","href":"https:\/\/api.w.org\/{rel}","templated":true}]}}