{"id":20963,"date":"2020-06-05T09:16:44","date_gmt":"2020-06-05T07:16:44","guid":{"rendered":"https:\/\/www.manologarciaycia.com\/?p=20963"},"modified":"2020-06-05T09:19:30","modified_gmt":"2020-06-05T07:19:30","slug":"manolo-garcia-sin-amor-al-projimo-el-planeta-es-infumable-y-durisimo","status":"publish","type":"post","link":"https:\/\/www.manologarciaycia.com\/?p=20963","title":{"rendered":"Manolo Garc\u00eda: \u00abSin amor al pr\u00f3jimo, el planeta es infumable y dur\u00edsimo\u00bb"},"content":{"rendered":"\n<p>El que fue vocalista de El \u00daltimo de la Fila publica &#8216;El fin del principio&#8217;, un libro con poemas e ilustraciones<\/p>\n\n\n\n<p><strong>El m\u00fasico y cantante&nbsp;<\/strong>Manolo Garc\u00eda<strong>&nbsp;acaba de publicar &#8216;El fin del principio&#8217;, un libro con&nbsp;<\/strong>poemas<strong>&nbsp;e ilustraciones<\/strong>&nbsp;de su pu\u00f1o y letra en el que constata algo que, subraya, \u00abaunque pueda sonar ingenuo, es de importancia capital\u00bb: \u00abSin amor al pr\u00f3jimo -dice-, el planeta es infumable y dur\u00edsimo\u00bb.<\/p>\n\n\n\n<p>En una entrevista con Efe, Manolo Garc\u00eda ha expresado que&nbsp;<strong>el sentido de la vida \u00abes amar\u00bb<\/strong>, y percibe ese amor como algo que va en muchas direcciones: \u00abHe aprendido en la vida que lo mejor es repartir, hacerse trocitos, amarlo todo y cuanto m\u00e1s te amen, mejor\u00bb. El autor afirma que&nbsp;<strong>no cree en la definici\u00f3n cient\u00edfica del amor<\/strong>, que habla de \u00abendorfinas y de ceguera\u00bb, y asegura que su condici\u00f3n de m\u00fasico le hace escribir con \u00abinstinto animal\u00bb acerca de las cosas que percibe con sus sentidos, como en este caso, el amor.<\/p>\n\n\n\n<p>Quien fue el vocalista de El \u00daltimo de la Fila, en su faceta de poeta se define como \u00abmuy inconstante\u00bb y dice que para escoger temas en los poemas de \u00abEl fin del principio\u00bb (Aguilar) va \u00abal hilo del acontecimiento y de la emoci\u00f3n, porque&nbsp;<strong>la vida tiene esa maravillosa inconsistencia<\/strong>\u00ab. \u00abNo pretendo una unidad tem\u00e1tica, ni unidad de tiempo o de mensaje.&nbsp;<strong>Me dejo llevar por la emoci\u00f3n y no busco la coherencia<\/strong>, la vida es maravillosamente surrealista y algo que apetece much\u00edsimo con sus inclemencias. Dentro de esa maravilla, yo participo en la cacofon\u00eda general\u00bb, reflexiona.<\/p>\n\n\n\n<p>Los poemas de Manolo Garc\u00eda destilan ese amor por la vida, y en ese marco es donde surge el t\u00edtulo del<a href=\"https:\/\/www.laopiniondemurcia.es\/cultura-sociedad\/2020\/06\/04\/manolo-garcia-amor-projimo-planeta\/tags\/libros.html\">&nbsp;<\/a>libro, que refleja lo acelerado de los cambios que ha vivido la sociedad: \u00abEn 5.000 a\u00f1os se ha avanzado muy lentamente y&nbsp;<strong>ahora hemos dado un salto muy marciano<\/strong>\u00ab. Por eso, Garc\u00eda asegura: \u00abEl principio de todo se ha acabado, ahora el contador ha saltado y, aunque para muchas cosas el salto ha sido positivo,&nbsp;<strong>algo no funciona en el plan<\/strong>, porque estamos machacando el planeta\u00bb.<\/p>\n\n\n\n<p>Es este \u00abfin del principio\u00bb que evoca Manolo Garc\u00eda, quien&nbsp;<strong>recuerda el \u00abbotijo y la azada\u00bb de su abuelo como la tecnolog\u00eda de no hace tanto<\/strong>, el que le ha inspirado para titular este conjunto de poemas: \u00abEn tres d\u00edas hemos dado un salto brutal, es muy sospechoso, me inquieta. As\u00ed que nada, me voy a escribir poemas\u00bb.<\/p>\n\n\n\n<p>Manolo Garc\u00eda&nbsp;<strong>se presenta como \u00abtecn\u00f3fobo\u00bb y lo defiende con orgullo<\/strong>, pero al mismo tiempo celebra la tecnolog\u00eda \u00absi ha servido en estos tiempos extra\u00f1os para socializar, para que la gente se diga cosas bonitas por Skype o WhatsApp, si les ha ayudado a ser felices y sentirse menos solos\u00bb. Aun as\u00ed, el m\u00fasico, que explora este tema de las redes sociales y las nuevas tecnolog\u00edas en los poemas del libro, dice no sentirse \u00abespecial\u00bb y no querer adoctrinar \u00aba nadie\u00bb por no usarlas, sino que simplemente&nbsp;<strong>no le seducen<\/strong>.<\/p>\n\n\n\n<p>Por eso, Manolo Garc\u00eda, durante este confinamiento, dice que m\u00e1s all\u00e1 de las conversaciones telef\u00f3nicas con amigos,&nbsp;<strong>ha rele\u00eddo mucho para reencontrarse \u00abcon los viejos amigos que son los libros\u00bb<\/strong>, ademas de pintar mucho y componer mucho. El cantante ha rele\u00eddo cinco de los libros de Cormac McCarthy, uno de sus autores favoritos, ha vuelto a \u00ab2666\u00bb de Roberto Bola\u00f1o, su libro preferido, y ha recuperado a autores como Dumas, P\u00e9rez-Reverte, P\u00edo Baroja, Josep Pla o P\u00e9rez Gald\u00f3s.<\/p>\n\n\n\n<p>La<a href=\"https:\/\/www.laopiniondemurcia.es\/cultura-sociedad\/2020\/06\/04\/manolo-garcia-amor-projimo-planeta\/tags\/musica.html\">&nbsp;<\/a>m\u00fasica&nbsp;forma parte de la poes\u00eda de Manolo Garc\u00eda, con menciones a Bob Dylan o Joan Baez en sus poemas: \u00ab<strong>Antes que leer poes\u00eda, empiezo a escuchar canciones de Los Beatles o Led Zeppelin.<\/strong>&nbsp;Luego vendr\u00e1n&nbsp;Neruda, Cernuda, Gil de Biedma o Borges\u00bb. Y, en este sentido, Manolo Garc\u00eda reivindica la influencia de&nbsp;Bob Dylan: \u00abCuando le dan el Nobel, mucha gente cuestiona que se lo den a un m\u00fasico. No, perd\u00f3n, es un poeta. Est\u00e1 diciendo cosas con elegancia, con chispa, con clase, po\u00e9ticamente. C\u00f3mo desencaja las s\u00edlabas, c\u00f3mo escupe o acaricia las palabras. As\u00ed empezamos los amantes de la m\u00fasica\u00bb.<\/p>\n\n\n\n<p>El ex miembro de El \u00daltimo de la Fila&nbsp;<strong>publicar\u00e1 el pr\u00f3ximo 3 de julio un doble \u00e1lbum en directo<\/strong>&nbsp;con canciones de su gira ac\u00fastica de 2019, bajo el nombre \u00abAc\u00fastico, ac\u00fastico, ac\u00fastico\u00bb. En este disco, Manolo Garc\u00eda se ve por primera vez en la tesitura del ac\u00fastico: \u00ab<strong>He podido cantar de otra manera, desgranar la voz, desnudarme.<\/strong>&nbsp;Dentro del estruendo rockero puedes dar alaridos si lo que dices es interesante y seduce. En ac\u00fastico, o metes el gol o le da al palo y no entra\u00bb.<\/p>\n\n\n\n<p>Por ello, afronta la publicaci\u00f3n de este \u00e1lbum con un \u00aba\u00f1adido de ilusi\u00f3n\u00bb y con un \u00abmotivo de alegr\u00eda\u00bb, que es presentar&nbsp;<strong>las canciones de su carrera revisadas en ac\u00fastico<\/strong>, como \u00abSan Fernando\u00bb o \u00abP\u00e1jaros de barro\u00bb.<\/p>\n\n\n\n<p>Fuente: La Opini\u00f3n de Murcia &#8211; Efe &#8211; <a href=\"https:\/\/www.laopiniondemurcia.es\/cultura-sociedad\/2020\/06\/04\/manolo-garcia-amor-projimo-planeta\/1119002.html\" target=\"_blank\" rel=\"noreferrer noopener\">ENLACE<\/a><\/p>\n","protected":false},"excerpt":{"rendered":"<p>El que fue vocalista de El \u00daltimo de la Fila publica &#8216;El fin del principio&#8217;, un libro con poemas e ilustraciones El m\u00fasico y cantante&nbsp;Manolo Garc\u00eda&nbsp;acaba de publicar &#8216;El fin del principio&#8217;, un libro con&nbsp;poemas&nbsp;e ilustraciones&nbsp;de su pu\u00f1o y letra en el que constata algo que, subraya, \u00abaunque pueda sonar ingenuo, es de importancia capital\u00bb:<a class=\"moretag\" href=\"https:\/\/www.manologarciaycia.com\/?p=20963\" title=\"Manolo Garc\u00eda: \u00abSin amor al pr\u00f3jimo, el planeta es infumable y dur\u00edsimo\u00bb\" target=\"_self\" rel=\"follow\"> <font face=arial size=2>[Leer m\u00e1s]<\/font> <\/a><\/p>\n","protected":false},"author":2,"featured_media":20964,"comment_status":"closed","ping_status":"closed","sticky":false,"template":"","format":"standard","meta":{"footnotes":""},"categories":[1],"tags":[],"class_list":["post-20963","post","type-post","status-publish","format-standard","has-post-thumbnail","hentry","category-manolo-garcia"],"_links":{"self":[{"href":"https:\/\/www.manologarciaycia.com\/index.php?rest_route=\/wp\/v2\/posts\/20963","targetHints":{"allow":["GET"]}}],"collection":[{"href":"https:\/\/www.manologarciaycia.com\/index.php?rest_route=\/wp\/v2\/posts"}],"about":[{"href":"https:\/\/www.manologarciaycia.com\/index.php?rest_route=\/wp\/v2\/types\/post"}],"author":[{"embeddable":true,"href":"https:\/\/www.manologarciaycia.com\/index.php?rest_route=\/wp\/v2\/users\/2"}],"replies":[{"embeddable":true,"href":"https:\/\/www.manologarciaycia.com\/index.php?rest_route=%2Fwp%2Fv2%2Fcomments&post=20963"}],"version-history":[{"count":2,"href":"https:\/\/www.manologarciaycia.com\/index.php?rest_route=\/wp\/v2\/posts\/20963\/revisions"}],"predecessor-version":[{"id":20966,"href":"https:\/\/www.manologarciaycia.com\/index.php?rest_route=\/wp\/v2\/posts\/20963\/revisions\/20966"}],"wp:featuredmedia":[{"embeddable":true,"href":"https:\/\/www.manologarciaycia.com\/index.php?rest_route=\/wp\/v2\/media\/20964"}],"wp:attachment":[{"href":"https:\/\/www.manologarciaycia.com\/index.php?rest_route=%2Fwp%2Fv2%2Fmedia&parent=20963"}],"wp:term":[{"taxonomy":"category","embeddable":true,"href":"https:\/\/www.manologarciaycia.com\/index.php?rest_route=%2Fwp%2Fv2%2Fcategories&post=20963"},{"taxonomy":"post_tag","embeddable":true,"href":"https:\/\/www.manologarciaycia.com\/index.php?rest_route=%2Fwp%2Fv2%2Ftags&post=20963"}],"curies":[{"name":"wp","href":"https:\/\/api.w.org\/{rel}","templated":true}]}}