{"id":20942,"date":"2020-05-31T08:55:07","date_gmt":"2020-05-31T06:55:07","guid":{"rendered":"https:\/\/www.manologarciaycia.com\/?p=20942"},"modified":"2020-05-31T11:34:27","modified_gmt":"2020-05-31T09:34:27","slug":"manolo-garcia-entrevista-y-acustico-en-asuntos-propios-22-12-2011","status":"publish","type":"post","link":"https:\/\/www.manologarciaycia.com\/?p=20942","title":{"rendered":"Manolo Garc\u00eda: Entrevista y Ac\u00fastico en Asuntos Propios 22\/12\/2011"},"content":{"rendered":"\n<p>El cantante Manolo Garc\u00eda entrevistado por Toni Garrido en el programa Asuntos Propios, de RNE, el 22\/12\/2011 Tambi\u00e9n ha tocado dos temas en ac\u00fastico en el plat\u00f3 del programa: Sombra de la Sombra de Tu Sombrero y Un Alma de Papel.<\/p>\n","protected":false},"excerpt":{"rendered":"<p>El cantante Manolo Garc\u00eda entrevistado por Toni Garrido en el programa Asuntos Propios, de RNE, el 22\/12\/2011 Tambi\u00e9n ha tocado dos temas en ac\u00fastico en el plat\u00f3 del programa: Sombra de la Sombra de Tu Sombrero y Un Alma de Papel.<a class=\"moretag\" href=\"https:\/\/www.manologarciaycia.com\/?p=20942\" title=\"Manolo Garc\u00eda: Entrevista y Ac\u00fastico en Asuntos Propios 22\/12\/2011\" target=\"_self\" rel=\"follow\"> <font face=arial size=2>[Leer m\u00e1s]<\/font> <\/a><\/p>\n","protected":false},"author":2,"featured_media":0,"comment_status":"closed","ping_status":"closed","sticky":false,"template":"","format":"video","meta":{"footnotes":""},"categories":[1],"tags":[],"class_list":["post-20942","post","type-post","status-publish","format-video","hentry","category-manolo-garcia","post_format-post-format-video"],"_links":{"self":[{"href":"https:\/\/www.manologarciaycia.com\/index.php?rest_route=\/wp\/v2\/posts\/20942","targetHints":{"allow":["GET"]}}],"collection":[{"href":"https:\/\/www.manologarciaycia.com\/index.php?rest_route=\/wp\/v2\/posts"}],"about":[{"href":"https:\/\/www.manologarciaycia.com\/index.php?rest_route=\/wp\/v2\/types\/post"}],"author":[{"embeddable":true,"href":"https:\/\/www.manologarciaycia.com\/index.php?rest_route=\/wp\/v2\/users\/2"}],"replies":[{"embeddable":true,"href":"https:\/\/www.manologarciaycia.com\/index.php?rest_route=%2Fwp%2Fv2%2Fcomments&post=20942"}],"version-history":[{"count":1,"href":"https:\/\/www.manologarciaycia.com\/index.php?rest_route=\/wp\/v2\/posts\/20942\/revisions"}],"predecessor-version":[{"id":20944,"href":"https:\/\/www.manologarciaycia.com\/index.php?rest_route=\/wp\/v2\/posts\/20942\/revisions\/20944"}],"wp:attachment":[{"href":"https:\/\/www.manologarciaycia.com\/index.php?rest_route=%2Fwp%2Fv2%2Fmedia&parent=20942"}],"wp:term":[{"taxonomy":"category","embeddable":true,"href":"https:\/\/www.manologarciaycia.com\/index.php?rest_route=%2Fwp%2Fv2%2Fcategories&post=20942"},{"taxonomy":"post_tag","embeddable":true,"href":"https:\/\/www.manologarciaycia.com\/index.php?rest_route=%2Fwp%2Fv2%2Ftags&post=20942"}],"curies":[{"name":"wp","href":"https:\/\/api.w.org\/{rel}","templated":true}]}}